{"id":827,"date":"2013-11-18T23:47:05","date_gmt":"2013-11-18T21:47:05","guid":{"rendered":"http:\/\/www.mrc-longwy.fr\/?p=827"},"modified":"2013-11-18T23:47:05","modified_gmt":"2013-11-18T21:47:05","slug":"mrc-winter-series-round-3-race-report-part-1","status":"publish","type":"post","link":"https:\/\/www.mrc-longwy.fr\/?p=827","title":{"rendered":"MRC Winter series Round 3 &#8211; Race report part 1"},"content":{"rendered":"<p>Le dimanche 17 novembre s&rsquo;est tenu la 3\u00e8me manche des MRC Winter series.<\/p>\n<p>Pour cette course, un record de participation \u00e0 \u00e9t\u00e9 battu avec 94 inscrits pour\u00a0une amicale, un record ! Comme \u00e0 l&rsquo;accoutumm\u00e9e, le gymnase du COSEC\u00a0 \u00e0 ouvert ses portes d\u00e8s le samedi apr\u00e8s midi pour permettre au pilotes de pr\u00e9parer au mieux la course du lendemain. Cette participation record a n\u00e9c\u00e9ssit\u00e9 la mise en place de cr\u00e9neaux horaires lors de ces essais pour permettre \u00e0 tous de rouler dans les meilleurs conditions.<\/p>\n<p>Quelques grand noms pr\u00e9sents \u00e0 cette course, avec notament, Marc Fischer, pilote usine Serpent, ou encore de nombreux cadors venus du 1\/5 \u00e8me thermique, le plus notable d&rsquo;entre eux \u00e9tant Guillaume Solon, Champion du Monde 2011 de la discipline. Pour le, reste, la plupart des habitu\u00e9s des Winter Series ont r\u00e9pondu pr\u00e9sent. On notera la venu en force des pilotes de l&rsquo;AMCM Montbrison et de l&rsquo;ASCAP Poissy.<\/p>\n<p>&nbsp;<\/p>\n<p><span style=\"text-decoration: underline;\"><strong>Technique :<\/strong><\/span><\/p>\n<p>La VBC Wildfire D06 de Lucas Urbain. Changement de motorisation pour le pilote du MRC qui utilisait le nouveau Much More Fleta pro avec un moteur Fleta ZX 5 tours.<\/p>\n<p><a href=\"http:\/\/www.mrc-longwy.fr\/wp-content\/uploads\/2013\/11\/DSC_8885.jpg\"><img loading=\"lazy\" decoding=\"async\" class=\"alignnone size-medium wp-image-835\" title=\"DSC_8885\" src=\"http:\/\/www.mrc-longwy.fr\/wp-content\/uploads\/2013\/11\/DSC_8885-300x200.jpg\" alt=\"\" width=\"300\" height=\"200\" srcset=\"https:\/\/www.mrc-longwy.fr\/wp-content\/uploads\/2013\/11\/DSC_8885-300x200.jpg 300w, https:\/\/www.mrc-longwy.fr\/wp-content\/uploads\/2013\/11\/DSC_8885-1024x685.jpg 1024w\" sizes=\"auto, (max-width: 300px) 100vw, 300px\" \/><\/a><a href=\"http:\/\/www.mrc-longwy.fr\/wp-content\/uploads\/2013\/11\/DSC_8884.jpg\"><img loading=\"lazy\" decoding=\"async\" class=\"alignnone size-medium wp-image-834\" title=\"DSC_8884\" src=\"http:\/\/www.mrc-longwy.fr\/wp-content\/uploads\/2013\/11\/DSC_8884-300x200.jpg\" alt=\"\" width=\"300\" height=\"200\" srcset=\"https:\/\/www.mrc-longwy.fr\/wp-content\/uploads\/2013\/11\/DSC_8884-300x200.jpg 300w, https:\/\/www.mrc-longwy.fr\/wp-content\/uploads\/2013\/11\/DSC_8884-1024x685.jpg 1024w\" sizes=\"auto, (max-width: 300px) 100vw, 300px\" \/><\/a><a href=\"http:\/\/www.mrc-longwy.fr\/wp-content\/uploads\/2013\/11\/DSC_8882.jpg\"><img loading=\"lazy\" decoding=\"async\" class=\"alignnone size-medium wp-image-833\" title=\"DSC_8882\" src=\"http:\/\/www.mrc-longwy.fr\/wp-content\/uploads\/2013\/11\/DSC_8882-300x200.jpg\" alt=\"\" width=\"300\" height=\"200\" srcset=\"https:\/\/www.mrc-longwy.fr\/wp-content\/uploads\/2013\/11\/DSC_8882-300x200.jpg 300w, https:\/\/www.mrc-longwy.fr\/wp-content\/uploads\/2013\/11\/DSC_8882-1024x685.jpg 1024w\" sizes=\"auto, (max-width: 300px) 100vw, 300px\" \/><\/a><\/p>\n<p>&nbsp;<\/p>\n<p>Pour la prochaine saison, Hugo Ragaut utilise la ARC R10 2013.\u00a0 Pr\u00e9paration \u00e9lectronique impeccable sur la voiture du pilote Parisien.<\/p>\n<p><a href=\"http:\/\/www.mrc-longwy.fr\/wp-content\/uploads\/2013\/11\/DSC_8877.jpg\"><img loading=\"lazy\" decoding=\"async\" class=\"alignnone size-medium wp-image-832\" title=\"DSC_8877\" src=\"http:\/\/www.mrc-longwy.fr\/wp-content\/uploads\/2013\/11\/DSC_8877-300x200.jpg\" alt=\"\" width=\"300\" height=\"200\" srcset=\"https:\/\/www.mrc-longwy.fr\/wp-content\/uploads\/2013\/11\/DSC_8877-300x200.jpg 300w, https:\/\/www.mrc-longwy.fr\/wp-content\/uploads\/2013\/11\/DSC_8877-1024x685.jpg 1024w\" sizes=\"auto, (max-width: 300px) 100vw, 300px\" \/><\/a><\/p>\n<p>&nbsp;<\/p>\n<p>L&rsquo;awesomatix A700EX de Thomas Vigneron. Le vice champion de France Stock utilise la nouvelle platine sup\u00e9rieure sur son chassis. Malgr\u00e8s un auto d\u00e9licate en Q3, Thomas parvient \u00e0 se qualifier de justesse\u00a0en finale A.<\/p>\n<p><a href=\"http:\/\/www.mrc-longwy.fr\/wp-content\/uploads\/2013\/11\/DSC_8876.jpg\"><img loading=\"lazy\" decoding=\"async\" class=\"alignnone size-medium wp-image-831\" title=\"DSC_8876\" src=\"http:\/\/www.mrc-longwy.fr\/wp-content\/uploads\/2013\/11\/DSC_8876-300x200.jpg\" alt=\"\" width=\"300\" height=\"200\" srcset=\"https:\/\/www.mrc-longwy.fr\/wp-content\/uploads\/2013\/11\/DSC_8876-300x200.jpg 300w, https:\/\/www.mrc-longwy.fr\/wp-content\/uploads\/2013\/11\/DSC_8876-1024x685.jpg 1024w\" sizes=\"auto, (max-width: 300px) 100vw, 300px\" \/><\/a><\/p>\n<p>&nbsp;<\/p>\n<p>La 3 racing Sakura XI de Julien Jost. Le pilote Montbrisonnais venu pour pr\u00e9parer le GP3F disposait de la toute derni\u00e8re version Ultimate de la Sakura XI.<\/p>\n<p><a href=\"http:\/\/www.mrc-longwy.fr\/wp-content\/uploads\/2013\/11\/DSC_8873.jpg\"><img loading=\"lazy\" decoding=\"async\" class=\"alignnone size-medium wp-image-830\" title=\"DSC_8873\" src=\"http:\/\/www.mrc-longwy.fr\/wp-content\/uploads\/2013\/11\/DSC_8873-300x200.jpg\" alt=\"\" width=\"300\" height=\"200\" srcset=\"https:\/\/www.mrc-longwy.fr\/wp-content\/uploads\/2013\/11\/DSC_8873-300x200.jpg 300w, https:\/\/www.mrc-longwy.fr\/wp-content\/uploads\/2013\/11\/DSC_8873-1024x685.jpg 1024w\" sizes=\"auto, (max-width: 300px) 100vw, 300px\" \/><\/a><a href=\"http:\/\/www.mrc-longwy.fr\/wp-content\/uploads\/2013\/11\/DSC_8871.jpg\"><img loading=\"lazy\" decoding=\"async\" class=\"alignnone size-medium wp-image-829\" title=\"DSC_8871\" src=\"http:\/\/www.mrc-longwy.fr\/wp-content\/uploads\/2013\/11\/DSC_8871-300x200.jpg\" alt=\"\" width=\"300\" height=\"200\" srcset=\"https:\/\/www.mrc-longwy.fr\/wp-content\/uploads\/2013\/11\/DSC_8871-300x200.jpg 300w, https:\/\/www.mrc-longwy.fr\/wp-content\/uploads\/2013\/11\/DSC_8871-1024x685.jpg 1024w\" sizes=\"auto, (max-width: 300px) 100vw, 300px\" \/><\/a><\/p>\n<p>&nbsp;<\/p>\n<p>La Yokomo BD7 de Loic Jasmin.<\/p>\n<p><a href=\"http:\/\/www.mrc-longwy.fr\/wp-content\/uploads\/2013\/11\/DSC_8842.jpg\"><img loading=\"lazy\" decoding=\"async\" class=\"alignnone size-medium wp-image-828\" title=\"DSC_8842\" src=\"http:\/\/www.mrc-longwy.fr\/wp-content\/uploads\/2013\/11\/DSC_8842-300x200.jpg\" alt=\"\" width=\"300\" height=\"200\" srcset=\"https:\/\/www.mrc-longwy.fr\/wp-content\/uploads\/2013\/11\/DSC_8842-300x200.jpg 300w, https:\/\/www.mrc-longwy.fr\/wp-content\/uploads\/2013\/11\/DSC_8842-1024x685.jpg 1024w\" sizes=\"auto, (max-width: 300px) 100vw, 300px\" \/><\/a><\/p>\n<p>&nbsp;<\/p>\n<p><span style=\"text-decoration: underline;\"><strong>Quelques carrosseries&#8230; Dans les stands :<\/strong><\/span><\/p>\n<p><a href=\"http:\/\/www.mrc-longwy.fr\/wp-content\/uploads\/2013\/11\/DSC_8880.jpg\"><img loading=\"lazy\" decoding=\"async\" class=\"alignnone size-medium wp-image-839\" title=\"DSC_8880\" src=\"http:\/\/www.mrc-longwy.fr\/wp-content\/uploads\/2013\/11\/DSC_8880-300x200.jpg\" alt=\"\" width=\"300\" height=\"200\" srcset=\"https:\/\/www.mrc-longwy.fr\/wp-content\/uploads\/2013\/11\/DSC_8880-300x200.jpg 300w, https:\/\/www.mrc-longwy.fr\/wp-content\/uploads\/2013\/11\/DSC_8880-1024x685.jpg 1024w\" sizes=\"auto, (max-width: 300px) 100vw, 300px\" \/><\/a><a href=\"http:\/\/www.mrc-longwy.fr\/wp-content\/uploads\/2013\/11\/DSC_8879.jpg\"><img loading=\"lazy\" decoding=\"async\" class=\"alignnone size-medium wp-image-838\" title=\"DSC_8879\" src=\"http:\/\/www.mrc-longwy.fr\/wp-content\/uploads\/2013\/11\/DSC_8879-300x200.jpg\" alt=\"\" width=\"300\" height=\"200\" srcset=\"https:\/\/www.mrc-longwy.fr\/wp-content\/uploads\/2013\/11\/DSC_8879-300x200.jpg 300w, https:\/\/www.mrc-longwy.fr\/wp-content\/uploads\/2013\/11\/DSC_8879-1024x685.jpg 1024w\" sizes=\"auto, (max-width: 300px) 100vw, 300px\" \/><\/a><a href=\"http:\/\/www.mrc-longwy.fr\/wp-content\/uploads\/2013\/11\/DSC_8851.jpg\"><img loading=\"lazy\" decoding=\"async\" class=\"alignnone size-medium wp-image-837\" title=\"DSC_8851\" src=\"http:\/\/www.mrc-longwy.fr\/wp-content\/uploads\/2013\/11\/DSC_8851-300x200.jpg\" alt=\"\" width=\"300\" height=\"200\" srcset=\"https:\/\/www.mrc-longwy.fr\/wp-content\/uploads\/2013\/11\/DSC_8851-300x200.jpg 300w, https:\/\/www.mrc-longwy.fr\/wp-content\/uploads\/2013\/11\/DSC_8851-1024x685.jpg 1024w\" sizes=\"auto, (max-width: 300px) 100vw, 300px\" \/><\/a><a href=\"http:\/\/www.mrc-longwy.fr\/wp-content\/uploads\/2013\/11\/DSC_8845.jpg\"><img loading=\"lazy\" decoding=\"async\" class=\"alignnone size-medium wp-image-836\" title=\"DSC_8845\" src=\"http:\/\/www.mrc-longwy.fr\/wp-content\/uploads\/2013\/11\/DSC_8845-300x200.jpg\" alt=\"\" width=\"300\" height=\"200\" srcset=\"https:\/\/www.mrc-longwy.fr\/wp-content\/uploads\/2013\/11\/DSC_8845-300x200.jpg 300w, https:\/\/www.mrc-longwy.fr\/wp-content\/uploads\/2013\/11\/DSC_8845-1024x685.jpg 1024w\" sizes=\"auto, (max-width: 300px) 100vw, 300px\" \/><\/a><\/p>\n<p>&nbsp;<\/p>\n<p><span style=\"text-decoration: underline;\"><strong>Quelques carrosseries&#8230; En piste :<\/strong><\/span><\/p>\n<p><a href=\"http:\/\/www.mrc-longwy.fr\/wp-content\/uploads\/2013\/11\/DSC_8904.jpg\"><img loading=\"lazy\" decoding=\"async\" class=\"alignnone size-medium wp-image-840\" title=\"DSC_8904\" src=\"http:\/\/www.mrc-longwy.fr\/wp-content\/uploads\/2013\/11\/DSC_8904-300x200.jpg\" alt=\"\" width=\"300\" height=\"200\" srcset=\"https:\/\/www.mrc-longwy.fr\/wp-content\/uploads\/2013\/11\/DSC_8904-300x200.jpg 300w, https:\/\/www.mrc-longwy.fr\/wp-content\/uploads\/2013\/11\/DSC_8904-1024x685.jpg 1024w\" sizes=\"auto, (max-width: 300px) 100vw, 300px\" \/><\/a><img loading=\"lazy\" decoding=\"async\" class=\"alignnone size-medium wp-image-848\" title=\"DSC_8913\" src=\"http:\/\/www.mrc-longwy.fr\/wp-content\/uploads\/2013\/11\/DSC_8913-300x200.jpg\" alt=\"\" width=\"300\" height=\"200\" srcset=\"https:\/\/www.mrc-longwy.fr\/wp-content\/uploads\/2013\/11\/DSC_8913-300x200.jpg 300w, https:\/\/www.mrc-longwy.fr\/wp-content\/uploads\/2013\/11\/DSC_8913-1024x685.jpg 1024w\" sizes=\"auto, (max-width: 300px) 100vw, 300px\" \/><a href=\"http:\/\/www.mrc-longwy.fr\/wp-content\/uploads\/2013\/11\/DSC_8912.jpg\"><img loading=\"lazy\" decoding=\"async\" class=\"alignnone size-medium wp-image-847\" title=\"DSC_8912\" src=\"http:\/\/www.mrc-longwy.fr\/wp-content\/uploads\/2013\/11\/DSC_8912-300x200.jpg\" alt=\"\" width=\"300\" height=\"200\" srcset=\"https:\/\/www.mrc-longwy.fr\/wp-content\/uploads\/2013\/11\/DSC_8912-300x200.jpg 300w, https:\/\/www.mrc-longwy.fr\/wp-content\/uploads\/2013\/11\/DSC_8912-1024x685.jpg 1024w\" sizes=\"auto, (max-width: 300px) 100vw, 300px\" \/><\/a><a href=\"http:\/\/www.mrc-longwy.fr\/wp-content\/uploads\/2013\/11\/DSC_8911.jpg\"><img loading=\"lazy\" decoding=\"async\" class=\"alignnone size-medium wp-image-846\" title=\"DSC_8911\" src=\"http:\/\/www.mrc-longwy.fr\/wp-content\/uploads\/2013\/11\/DSC_8911-300x200.jpg\" alt=\"\" width=\"300\" height=\"200\" srcset=\"https:\/\/www.mrc-longwy.fr\/wp-content\/uploads\/2013\/11\/DSC_8911-300x200.jpg 300w, https:\/\/www.mrc-longwy.fr\/wp-content\/uploads\/2013\/11\/DSC_8911-1024x685.jpg 1024w\" sizes=\"auto, (max-width: 300px) 100vw, 300px\" \/><\/a><a href=\"http:\/\/www.mrc-longwy.fr\/wp-content\/uploads\/2013\/11\/DSC_8910.jpg\"><img loading=\"lazy\" decoding=\"async\" class=\"alignnone size-medium wp-image-845\" title=\"DSC_8910\" src=\"http:\/\/www.mrc-longwy.fr\/wp-content\/uploads\/2013\/11\/DSC_8910-300x200.jpg\" alt=\"\" width=\"300\" height=\"200\" srcset=\"https:\/\/www.mrc-longwy.fr\/wp-content\/uploads\/2013\/11\/DSC_8910-300x200.jpg 300w, https:\/\/www.mrc-longwy.fr\/wp-content\/uploads\/2013\/11\/DSC_8910-1024x685.jpg 1024w\" sizes=\"auto, (max-width: 300px) 100vw, 300px\" \/><\/a><a href=\"http:\/\/www.mrc-longwy.fr\/wp-content\/uploads\/2013\/11\/DSC_8909.jpg\"><img loading=\"lazy\" decoding=\"async\" class=\"alignnone size-medium wp-image-844\" title=\"DSC_8909\" src=\"http:\/\/www.mrc-longwy.fr\/wp-content\/uploads\/2013\/11\/DSC_8909-300x200.jpg\" alt=\"\" width=\"300\" height=\"200\" srcset=\"https:\/\/www.mrc-longwy.fr\/wp-content\/uploads\/2013\/11\/DSC_8909-300x200.jpg 300w, https:\/\/www.mrc-longwy.fr\/wp-content\/uploads\/2013\/11\/DSC_8909-1024x685.jpg 1024w\" sizes=\"auto, (max-width: 300px) 100vw, 300px\" \/><\/a><a href=\"http:\/\/www.mrc-longwy.fr\/wp-content\/uploads\/2013\/11\/DSC_8907.jpg\"><img loading=\"lazy\" decoding=\"async\" class=\"alignnone size-medium wp-image-843\" title=\"DSC_8907\" src=\"http:\/\/www.mrc-longwy.fr\/wp-content\/uploads\/2013\/11\/DSC_8907-300x200.jpg\" alt=\"\" width=\"300\" height=\"200\" srcset=\"https:\/\/www.mrc-longwy.fr\/wp-content\/uploads\/2013\/11\/DSC_8907-300x200.jpg 300w, https:\/\/www.mrc-longwy.fr\/wp-content\/uploads\/2013\/11\/DSC_8907-1024x685.jpg 1024w\" sizes=\"auto, (max-width: 300px) 100vw, 300px\" \/><\/a><a href=\"http:\/\/www.mrc-longwy.fr\/wp-content\/uploads\/2013\/11\/DSC_8906.jpg\"><img loading=\"lazy\" decoding=\"async\" class=\"alignnone size-medium wp-image-842\" title=\"DSC_8906\" src=\"http:\/\/www.mrc-longwy.fr\/wp-content\/uploads\/2013\/11\/DSC_8906-300x200.jpg\" alt=\"\" width=\"300\" height=\"200\" srcset=\"https:\/\/www.mrc-longwy.fr\/wp-content\/uploads\/2013\/11\/DSC_8906-300x200.jpg 300w, https:\/\/www.mrc-longwy.fr\/wp-content\/uploads\/2013\/11\/DSC_8906-1024x685.jpg 1024w\" sizes=\"auto, (max-width: 300px) 100vw, 300px\" \/><\/a><a href=\"http:\/\/www.mrc-longwy.fr\/wp-content\/uploads\/2013\/11\/DSC_8905.jpg\"><img loading=\"lazy\" decoding=\"async\" class=\"alignnone size-medium wp-image-841\" title=\"DSC_8905\" src=\"http:\/\/www.mrc-longwy.fr\/wp-content\/uploads\/2013\/11\/DSC_8905-300x200.jpg\" alt=\"\" width=\"300\" height=\"200\" srcset=\"https:\/\/www.mrc-longwy.fr\/wp-content\/uploads\/2013\/11\/DSC_8905-300x200.jpg 300w, https:\/\/www.mrc-longwy.fr\/wp-content\/uploads\/2013\/11\/DSC_8905-1024x685.jpg 1024w\" sizes=\"auto, (max-width: 300px) 100vw, 300px\" \/><\/a><\/p>\n<p>&nbsp;<\/p>\n<p><span style=\"text-decoration: underline;\"><strong>Vu hors piste :<\/strong><\/span><\/p>\n<p><a href=\"http:\/\/www.mrc-longwy.fr\/wp-content\/uploads\/2013\/11\/DSC_8840.jpg\"><img loading=\"lazy\" decoding=\"async\" class=\"alignnone size-medium wp-image-850\" title=\"DSC_8840\" src=\"http:\/\/www.mrc-longwy.fr\/wp-content\/uploads\/2013\/11\/DSC_8840-300x200.jpg\" alt=\"\" width=\"300\" height=\"200\" srcset=\"https:\/\/www.mrc-longwy.fr\/wp-content\/uploads\/2013\/11\/DSC_8840-300x200.jpg 300w, https:\/\/www.mrc-longwy.fr\/wp-content\/uploads\/2013\/11\/DSC_8840-1024x685.jpg 1024w\" sizes=\"auto, (max-width: 300px) 100vw, 300px\" \/><\/a><a href=\"http:\/\/www.mrc-longwy.fr\/wp-content\/uploads\/2013\/11\/DSC_8867.jpg\"><img loading=\"lazy\" decoding=\"async\" class=\"alignnone size-medium wp-image-860\" title=\"DSC_8867\" src=\"http:\/\/www.mrc-longwy.fr\/wp-content\/uploads\/2013\/11\/DSC_8867-300x200.jpg\" alt=\"\" width=\"300\" height=\"200\" srcset=\"https:\/\/www.mrc-longwy.fr\/wp-content\/uploads\/2013\/11\/DSC_8867-300x200.jpg 300w, https:\/\/www.mrc-longwy.fr\/wp-content\/uploads\/2013\/11\/DSC_8867-1024x685.jpg 1024w\" sizes=\"auto, (max-width: 300px) 100vw, 300px\" \/><\/a><a href=\"http:\/\/www.mrc-longwy.fr\/wp-content\/uploads\/2013\/11\/DSC_8866.jpg\"><img loading=\"lazy\" decoding=\"async\" class=\"alignnone size-medium wp-image-859\" title=\"DSC_8866\" src=\"http:\/\/www.mrc-longwy.fr\/wp-content\/uploads\/2013\/11\/DSC_8866-300x200.jpg\" alt=\"\" width=\"300\" height=\"200\" srcset=\"https:\/\/www.mrc-longwy.fr\/wp-content\/uploads\/2013\/11\/DSC_8866-300x200.jpg 300w, https:\/\/www.mrc-longwy.fr\/wp-content\/uploads\/2013\/11\/DSC_8866-1024x685.jpg 1024w\" sizes=\"auto, (max-width: 300px) 100vw, 300px\" \/><\/a><a href=\"http:\/\/www.mrc-longwy.fr\/wp-content\/uploads\/2013\/11\/DSC_8865.jpg\"><img loading=\"lazy\" decoding=\"async\" class=\"alignnone size-medium wp-image-858\" title=\"DSC_8865\" src=\"http:\/\/www.mrc-longwy.fr\/wp-content\/uploads\/2013\/11\/DSC_8865-300x200.jpg\" alt=\"\" width=\"300\" height=\"200\" srcset=\"https:\/\/www.mrc-longwy.fr\/wp-content\/uploads\/2013\/11\/DSC_8865-300x200.jpg 300w, https:\/\/www.mrc-longwy.fr\/wp-content\/uploads\/2013\/11\/DSC_8865-1024x685.jpg 1024w\" sizes=\"auto, (max-width: 300px) 100vw, 300px\" \/><\/a><a href=\"http:\/\/www.mrc-longwy.fr\/wp-content\/uploads\/2013\/11\/DSC_8859.jpg\"><img loading=\"lazy\" decoding=\"async\" class=\"alignnone size-medium wp-image-857\" title=\"DSC_8859\" src=\"http:\/\/www.mrc-longwy.fr\/wp-content\/uploads\/2013\/11\/DSC_8859-300x200.jpg\" alt=\"\" width=\"300\" height=\"200\" srcset=\"https:\/\/www.mrc-longwy.fr\/wp-content\/uploads\/2013\/11\/DSC_8859-300x200.jpg 300w, https:\/\/www.mrc-longwy.fr\/wp-content\/uploads\/2013\/11\/DSC_8859-1024x685.jpg 1024w\" sizes=\"auto, (max-width: 300px) 100vw, 300px\" \/><\/a><a href=\"http:\/\/www.mrc-longwy.fr\/wp-content\/uploads\/2013\/11\/DSC_8856.jpg\"><img loading=\"lazy\" decoding=\"async\" class=\"alignnone size-medium wp-image-856\" title=\"DSC_8856\" src=\"http:\/\/www.mrc-longwy.fr\/wp-content\/uploads\/2013\/11\/DSC_8856-300x200.jpg\" alt=\"\" width=\"300\" height=\"200\" srcset=\"https:\/\/www.mrc-longwy.fr\/wp-content\/uploads\/2013\/11\/DSC_8856-300x200.jpg 300w, https:\/\/www.mrc-longwy.fr\/wp-content\/uploads\/2013\/11\/DSC_8856-1024x685.jpg 1024w\" sizes=\"auto, (max-width: 300px) 100vw, 300px\" \/><\/a><a href=\"http:\/\/www.mrc-longwy.fr\/wp-content\/uploads\/2013\/11\/DSC_8855.jpg\"><img loading=\"lazy\" decoding=\"async\" class=\"alignnone size-medium wp-image-855\" title=\"DSC_8855\" src=\"http:\/\/www.mrc-longwy.fr\/wp-content\/uploads\/2013\/11\/DSC_8855-300x200.jpg\" alt=\"\" width=\"300\" height=\"200\" srcset=\"https:\/\/www.mrc-longwy.fr\/wp-content\/uploads\/2013\/11\/DSC_8855-300x200.jpg 300w, https:\/\/www.mrc-longwy.fr\/wp-content\/uploads\/2013\/11\/DSC_8855-1024x685.jpg 1024w\" sizes=\"auto, (max-width: 300px) 100vw, 300px\" \/><\/a><a href=\"http:\/\/www.mrc-longwy.fr\/wp-content\/uploads\/2013\/11\/DSC_8850.jpg\"><img loading=\"lazy\" decoding=\"async\" class=\"alignnone size-medium wp-image-854\" title=\"DSC_8850\" src=\"http:\/\/www.mrc-longwy.fr\/wp-content\/uploads\/2013\/11\/DSC_8850-300x200.jpg\" alt=\"\" width=\"300\" height=\"200\" srcset=\"https:\/\/www.mrc-longwy.fr\/wp-content\/uploads\/2013\/11\/DSC_8850-300x200.jpg 300w, https:\/\/www.mrc-longwy.fr\/wp-content\/uploads\/2013\/11\/DSC_8850-1024x685.jpg 1024w\" sizes=\"auto, (max-width: 300px) 100vw, 300px\" \/><\/a><a href=\"http:\/\/www.mrc-longwy.fr\/wp-content\/uploads\/2013\/11\/DSC_8847.jpg\"><img loading=\"lazy\" decoding=\"async\" class=\"alignnone size-medium wp-image-853\" title=\"DSC_8847\" src=\"http:\/\/www.mrc-longwy.fr\/wp-content\/uploads\/2013\/11\/DSC_8847-300x200.jpg\" alt=\"\" width=\"300\" height=\"200\" srcset=\"https:\/\/www.mrc-longwy.fr\/wp-content\/uploads\/2013\/11\/DSC_8847-300x200.jpg 300w, https:\/\/www.mrc-longwy.fr\/wp-content\/uploads\/2013\/11\/DSC_8847-1024x685.jpg 1024w\" sizes=\"auto, (max-width: 300px) 100vw, 300px\" \/><\/a><a href=\"http:\/\/www.mrc-longwy.fr\/wp-content\/uploads\/2013\/11\/DSC_8846.jpg\"><img loading=\"lazy\" decoding=\"async\" class=\"alignnone size-medium wp-image-852\" title=\"DSC_8846\" src=\"http:\/\/www.mrc-longwy.fr\/wp-content\/uploads\/2013\/11\/DSC_8846-300x200.jpg\" alt=\"\" width=\"300\" height=\"200\" srcset=\"https:\/\/www.mrc-longwy.fr\/wp-content\/uploads\/2013\/11\/DSC_8846-300x200.jpg 300w, https:\/\/www.mrc-longwy.fr\/wp-content\/uploads\/2013\/11\/DSC_8846-1024x685.jpg 1024w\" sizes=\"auto, (max-width: 300px) 100vw, 300px\" \/><\/a><a href=\"http:\/\/www.mrc-longwy.fr\/wp-content\/uploads\/2013\/11\/DSC_8841.jpg\"><img loading=\"lazy\" decoding=\"async\" class=\"alignnone size-medium wp-image-851\" title=\"DSC_8841\" src=\"http:\/\/www.mrc-longwy.fr\/wp-content\/uploads\/2013\/11\/DSC_8841-300x200.jpg\" alt=\"\" width=\"300\" height=\"200\" srcset=\"https:\/\/www.mrc-longwy.fr\/wp-content\/uploads\/2013\/11\/DSC_8841-300x200.jpg 300w, https:\/\/www.mrc-longwy.fr\/wp-content\/uploads\/2013\/11\/DSC_8841-1024x685.jpg 1024w\" sizes=\"auto, (max-width: 300px) 100vw, 300px\" \/><\/a><a href=\"http:\/\/www.mrc-longwy.fr\/wp-content\/uploads\/2013\/11\/DSC_8902.jpg\"><img loading=\"lazy\" decoding=\"async\" class=\"alignnone size-medium wp-image-861\" title=\"DSC_8902\" src=\"http:\/\/www.mrc-longwy.fr\/wp-content\/uploads\/2013\/11\/DSC_8902-300x200.jpg\" alt=\"\" width=\"300\" height=\"200\" srcset=\"https:\/\/www.mrc-longwy.fr\/wp-content\/uploads\/2013\/11\/DSC_8902-300x200.jpg 300w, https:\/\/www.mrc-longwy.fr\/wp-content\/uploads\/2013\/11\/DSC_8902-1024x685.jpg 1024w\" sizes=\"auto, (max-width: 300px) 100vw, 300px\" \/><\/a><a href=\"http:\/\/www.mrc-longwy.fr\/wp-content\/uploads\/2013\/11\/DSC_8848.jpg\"><img loading=\"lazy\" decoding=\"async\" class=\"alignnone size-medium wp-image-862\" title=\"DSC_8848\" src=\"http:\/\/www.mrc-longwy.fr\/wp-content\/uploads\/2013\/11\/DSC_8848-300x200.jpg\" alt=\"\" width=\"300\" height=\"200\" srcset=\"https:\/\/www.mrc-longwy.fr\/wp-content\/uploads\/2013\/11\/DSC_8848-300x200.jpg 300w, https:\/\/www.mrc-longwy.fr\/wp-content\/uploads\/2013\/11\/DSC_8848-1024x685.jpg 1024w\" sizes=\"auto, (max-width: 300px) 100vw, 300px\" \/><\/a><\/p>\n<p>&nbsp;<\/p>\n","protected":false},"excerpt":{"rendered":"<p>Le dimanche 17 novembre s&rsquo;est tenu la 3\u00e8me manche des MRC Winter series. Pour cette course, un record de participation \u00e0 \u00e9t\u00e9 battu avec 94 inscrits pour\u00a0une amicale, un record ! Comme \u00e0 l&rsquo;accoutumm\u00e9e, le gymnase du COSEC\u00a0 \u00e0 ouvert [&hellip;] <a class=\"more-link\" href=\"https:\/\/www.mrc-longwy.fr\/?p=827\">&darr; Read the rest of this entry&#8230;<\/a><\/p>\n","protected":false},"author":139,"featured_media":0,"comment_status":"open","ping_status":"open","sticky":false,"template":"","format":"standard","meta":{"footnotes":""},"categories":[16],"tags":[],"class_list":["post-827","post","type-post","status-publish","format-standard","hentry","category-mrc-winter-series","uentry","postonpage-1","odd","post-author-2-pic"],"_links":{"self":[{"href":"https:\/\/www.mrc-longwy.fr\/index.php?rest_route=\/wp\/v2\/posts\/827","targetHints":{"allow":["GET"]}}],"collection":[{"href":"https:\/\/www.mrc-longwy.fr\/index.php?rest_route=\/wp\/v2\/posts"}],"about":[{"href":"https:\/\/www.mrc-longwy.fr\/index.php?rest_route=\/wp\/v2\/types\/post"}],"author":[{"embeddable":true,"href":"https:\/\/www.mrc-longwy.fr\/index.php?rest_route=\/wp\/v2\/users\/139"}],"replies":[{"embeddable":true,"href":"https:\/\/www.mrc-longwy.fr\/index.php?rest_route=%2Fwp%2Fv2%2Fcomments&post=827"}],"version-history":[{"count":1,"href":"https:\/\/www.mrc-longwy.fr\/index.php?rest_route=\/wp\/v2\/posts\/827\/revisions"}],"predecessor-version":[{"id":863,"href":"https:\/\/www.mrc-longwy.fr\/index.php?rest_route=\/wp\/v2\/posts\/827\/revisions\/863"}],"wp:attachment":[{"href":"https:\/\/www.mrc-longwy.fr\/index.php?rest_route=%2Fwp%2Fv2%2Fmedia&parent=827"}],"wp:term":[{"taxonomy":"category","embeddable":true,"href":"https:\/\/www.mrc-longwy.fr\/index.php?rest_route=%2Fwp%2Fv2%2Fcategories&post=827"},{"taxonomy":"post_tag","embeddable":true,"href":"https:\/\/www.mrc-longwy.fr\/index.php?rest_route=%2Fwp%2Fv2%2Ftags&post=827"}],"curies":[{"name":"wp","href":"https:\/\/api.w.org\/{rel}","templated":true}]}}