{"id":786,"date":"2013-10-29T14:25:46","date_gmt":"2013-10-29T12:25:46","guid":{"rendered":"http:\/\/www.mrc-longwy.fr\/?p=786"},"modified":"2013-10-30T00:34:02","modified_gmt":"2013-10-29T22:34:02","slug":"mrc-winter-series-round-2-reportage-partie-2","status":"publish","type":"post","link":"https:\/\/www.mrc-longwy.fr\/?p=786","title":{"rendered":"MRC Winter Series Round 2 &#8211; Reportage (partie 2)"},"content":{"rendered":"<p><strong>Les pilotes en action :<\/strong><\/p>\n<p><a href=\"http:\/\/www.mrc-longwy.fr\/wp-content\/uploads\/2013\/10\/DSC_8775.jpg\"><img loading=\"lazy\" decoding=\"async\" title=\"DSC_8775\" src=\"http:\/\/www.mrc-longwy.fr\/wp-content\/uploads\/2013\/10\/DSC_8775-300x200.jpg\" alt=\"\" width=\"300\" height=\"200\" \/><\/a><a href=\"http:\/\/www.mrc-longwy.fr\/wp-content\/uploads\/2013\/10\/DSC_8782.jpg\"><img loading=\"lazy\" decoding=\"async\" title=\"DSC_8782\" src=\"http:\/\/www.mrc-longwy.fr\/wp-content\/uploads\/2013\/10\/DSC_8782-300x200.jpg\" alt=\"\" width=\"300\" height=\"200\" \/><\/a><a href=\"http:\/\/www.mrc-longwy.fr\/wp-content\/uploads\/2013\/10\/DSC_8794.jpg\"><img loading=\"lazy\" decoding=\"async\" title=\"DSC_8794\" src=\"http:\/\/www.mrc-longwy.fr\/wp-content\/uploads\/2013\/10\/DSC_8794-300x200.jpg\" alt=\"\" width=\"300\" height=\"200\" \/><\/a><a href=\"http:\/\/www.mrc-longwy.fr\/wp-content\/uploads\/2013\/10\/DSC_8797.jpg\"><img loading=\"lazy\" decoding=\"async\" title=\"DSC_8797\" src=\"http:\/\/www.mrc-longwy.fr\/wp-content\/uploads\/2013\/10\/DSC_8797-300x200.jpg\" alt=\"\" width=\"300\" height=\"200\" \/><\/a><a href=\"http:\/\/www.mrc-longwy.fr\/wp-content\/uploads\/2013\/10\/DSC_8801.jpg\"><img loading=\"lazy\" decoding=\"async\" title=\"DSC_8801\" src=\"http:\/\/www.mrc-longwy.fr\/wp-content\/uploads\/2013\/10\/DSC_8801-300x200.jpg\" alt=\"\" width=\"300\" height=\"200\" \/><\/a><\/p>\n<p>&nbsp;<\/p>\n<p><strong>La course en cat\u00e9gorie Rookie\u00a0:<\/strong><\/p>\n<p>6 participants dans cette cat\u00e9gorie. Le jeune Th\u00e9o Francois, vainqueur du round 1 prend la pole position de sa poule aux commandes de sa Team Magic E4RSII.<\/p>\n<p>Il remporte \u00e9galement toutes les finales avec une nette avance sur ses poursuivants pour s\u2019adjuger une 2<sup>\u00e8me<\/sup> victoire en autant de manches des MRC Winter Series. Il conserve ainsi la t\u00e8te du classement g\u00e9n\u00e9ral, et s\u2019annonce comme le favoris pour le titre en cat\u00e9gorie Rookie. A ses cot\u00e9s sur le podium, le jeune pilote d\u2019origine irlandaise Ciaran Leonard et S\u00e9bastien Gross.<\/p>\n<p>&nbsp;<\/p>\n<p><strong>La course en cat\u00e9gorie Superstock\u00a0:<\/strong><\/p>\n<p>10 pilotes dans cette cat\u00e9gorie. Le pilote Allemand Max Machler \u00e9crase la concurrence dans sa s\u00e9rie en remportant les 3 qualifications, avec plus de 2 tours d\u2019avance sur son dauphin. Sa pole position l\u2019aurait d\u2019ailleurs plac\u00e9 5<sup>\u00e8me<\/sup> sur la grille de d\u00e9part de la cat\u00e9gorie stock.<\/p>\n<p>Auteur de finales sans fautes aux commandes de son Awesomatix en configuration ETS (Pneux REX30, combo Much More Euro Spec), il remportera largement les 3 finales. Il est rejoint sur le podium par Dimitri Charles (ARC R10) et Marius Muller (Xray)<\/p>\n<p>&nbsp;<\/p>\n<p><strong>La course en cat\u00e9gorie stock :<\/strong><\/p>\n<p>31 pilotes dans cette cat\u00e9gorie. Tom Maquel et sa TC10 sont intouchables et remporte les 3 qualifications et donc la pole position. Son compatriote Joe Streff le rejoint pour une premi\u00e8re ligne 100% luxembourgeoise. Derri\u00e8re eux Jan Bickendorf vainqueur du round 1, et d&rsquo;un grand nombre de courses l&rsquo;hiver dernier, prend la 3eme place devant Jacques \u00ab\u00a0Jacquot\u00a0\u00bb Libar. Pour leur premi\u00e8re venue a Longwy, Markus Kreder et Michael Kiesewetter s&rsquo;\u00e9lanceront de la 3eme ligne. En fond de grille, un tir groupe des pilotes du MRC avec Nico Lemoine, Kevin \u00ab\u00a0Kiki\u00a0\u00bb Thomachin et Valentin Lehman. Intercale en 9eme place, le luxembourgeois Marc Schilling alias \u00ab\u00a0Monsieur G\u00e2teaux\u00a0\u00bb.<\/p>\n<p>La premi\u00e8re finale est relativement calme. Tom s&rsquo;impose facilement. Derri\u00e8re la bataille pour les places d&rsquo;honneur fait rage entre Joe, Jan et Markus. Joe commet un \u00e9cart qui profite aux 2 pilotes allemand. Dans la derni\u00e8re minute, Jan et Markus s&rsquo;accrochent, Joe en profite pour reprendre la 2eme place.<\/p>\n<p>Deuxi\u00e8me finale, Tom s&rsquo;envole \u00e0 nouveau en t\u00eate, poursuivi a distance respectable par Jan Bickendorf. Derri\u00e8re, la course est a nouveau mouvement\u00e9e dans le premier tour. Nicolas Lemoine, auteur d&rsquo;un superbe d\u00e9part, a gagne 2 places, mais se fait harponner par Markus Kreder. Ce dernier \u00e9cope d&rsquo;une p\u00e9nalit\u00e9, ce qui s\u00e8me la pagaille dans le peloton. Et c&rsquo;est Kevin Thomassin qui en profite pour remonter jusqu&rsquo;a la 4eme place, qu&rsquo;il conservera jusqu&rsquo;au bout de la finale.<\/p>\n<p>Troisi\u00e8me finale, a nouveau un cavalier seul de Tom devant Jan. Derri\u00e8re la bagarre est intense entre Joe Streff et Markus Kreder. Le pilote allemand fini par prendre l&rsquo;avantage. Dans le dernier tour, Jan se fait accrocher par un retardataire devant le comptage et perd une place au profit de Markus. Kevin Thomachin, effectue a nouveau une course opportuniste pour terminer a la 5eme place.<\/p>\n<p>Au final, c&rsquo;est donc une victoire indiscutable de Tom Maquel devant Markus Kreder et Jan Bickendorf. Joe Streff termine au pied du podium.<\/p>\n<p>Mathieu Picaude remporte la finale B devant Arnaud Mathieu, champion de France piste 1\/8 4&#215;4. Jordan Sanchez du MCT Thionville gagne la finale C.<\/p>\n<p>&nbsp;<\/p>\n<p><strong>La course en cat\u00e9gorie modifie :<\/strong><\/p>\n<p>20 pilotes dans la cat\u00e9gorie de pointe, et pas des moindres. tripl\u00e9 allemand puisque Yannick Prumper d\u00e9croche la pole devant Marc Rheinard et Julian Borowski. Lucas Urbain, meilleur Fran\u00e7ais, et sa Vbc Wildfire se qualifient en 4eme place, en \u00e9tant le seul a avoir pu inqui\u00e9ter les 3 pilotes allemand. Les rejoignent en finale A : david Ehrbar, Tim Wahl, Loic Jasmin, Cyril \u0143Diaye. Saluons au passage la belle performance du champion de France Stock, Nico Schwendimann, et de son Vice champion Thomas Vigneron. Les 2 pilotes, qui se sont marqu\u00e9s toute la saison, se qualifient ici avec un temps quasiment identique sur 5 min et d\u00e9crochent leur billet en finale A.<\/p>\n<p>Manu Wagner du MRC prend la pole en B, devant Rene Klockner et \u00c9ric Dankel.<\/p>\n<p>Premi\u00e8re finale, Lucas Urbain rate son d\u00e9part et d\u00e9gringole dans la hi\u00e9rarchie des le premier tour. Parti en t\u00eate, Yannick m\u00e8ne la course de bout en bout. Marc Rheinard commet une erreur, Julian Borowski en profite pour mener sa S411 a la 2eme place. Derri\u00e8re, Loic et Cyril s&rsquo;accrochent, et c&rsquo;est Lucas, bien remonte, qui en profite pour reprendre la 4eme place.<\/p>\n<p>Deuxi\u00e8me finale, d\u00e9part impeccable, pas de changements en t\u00eate. Marc est tr\u00e8s pressant derri\u00e8re Yannick, qui ne commet aucune erreur. Derri\u00e8re Lucas Urbain met la pression sur Julian Borowski, sans parvenir a trouver l&rsquo;ouverture. En tete, Yannick s&rsquo;accroche avec David Ehrbar qui revenait sur la piste. Et c&rsquo;est Marc qui prend le commandement jusqu&rsquo;a la fin, et s\u00b4impose.<\/p>\n<p>Troisi\u00e8me finale, rien n&rsquo;est joue pour la victoire. Yannick prend un envol impeccable. Julian met une pression \u00e9norme sur le triple champion du monde, et parvient a le doubler en faisant un fantastique int\u00e9rieur dans la petite parabole avant la ligne droite. Le pilote serpent est d\u00e9chain\u00e9 et s&rsquo;attaque ensuite a Yannick Prumper, sans parvenir a trouver l&rsquo;ouverture. Malheureusement, dans l&rsquo;avant dernier tour, Julian se fait brutalement \u00e9jecter de la piste par un retardataire. Et c&rsquo;est Rheinard qui en profite pour reprendre la 2eme place. Lucas r\u00e9cup\u00e8re la 3eme place et termine roues dans roues avec Julian.<\/p>\n<p>A l&rsquo;issue de finales agit\u00e9es, Eric Dankel s&rsquo;impose en finale B devant Rene Klockner et Jeremy Limoges de l&rsquo;AMCM Montbrison.<\/p>\n<p>&nbsp;<\/p>\n<p><strong>La course en cat\u00e9gorie 1\/12\u00a0:<\/strong><\/p>\n<p>8 pilotes. Le toujours tr\u00e8s rapide pilote Luxembourgeois Jacques Libar d\u00e9croche la pole position devant Jacky Mannes et Christophe Deli\u00e8ge.<\/p>\n<p>Les finales seront plus d\u00e9licates pour le pilote luxembourgeois, qui connaitra quelques sorties de piste assez violentes. De son cot\u00e9, Jacky Mannes r\u00e9alisera des finales impeccables et sans erreurs. C\u2019est donc Jacky qui s\u2019impose devant Jacques Libar. La bagarre pour la 3<sup>\u00e8me<\/sup> place sera serr\u00e9e entre Ga\u00e9tan Nousse et Christophe Deli\u00e8ge. Ce dernier ne pourra d\u00e9fendre ses chances dans la derni\u00e8re finale, victime d\u2019un probl\u00e8me technique. C\u2019est donc le jeune pilote du MCT Thionville qui s\u2019\u00e9lan\u00e7ait de la derni\u00e8re position et auteur d\u2019une belle remont\u00e9e qui termine sur la 3<sup>\u00e8me<\/sup> marche du podium.<\/p>\n<p>&nbsp;<\/p>\n<p>&nbsp;<\/p>\n<p><strong>Les podiums :<\/strong><\/p>\n<p>Rookie : 1- Th\u00e9o Francois, 2- Ciaran L\u00e9onard, 3- S\u00e9bastien Gross<\/p>\n<p><a href=\"http:\/\/www.mrc-longwy.fr\/wp-content\/uploads\/2013\/10\/DSC_8803.jpg\"><img loading=\"lazy\" decoding=\"async\" class=\"alignnone size-medium wp-image-792\" title=\"DSC_8803\" src=\"http:\/\/www.mrc-longwy.fr\/wp-content\/uploads\/2013\/10\/DSC_8803-300x200.jpg\" alt=\"\" width=\"300\" height=\"200\" srcset=\"https:\/\/www.mrc-longwy.fr\/wp-content\/uploads\/2013\/10\/DSC_8803-300x200.jpg 300w, https:\/\/www.mrc-longwy.fr\/wp-content\/uploads\/2013\/10\/DSC_8803-1024x685.jpg 1024w\" sizes=\"auto, (max-width: 300px) 100vw, 300px\" \/><\/a><\/p>\n<p>&nbsp;<\/p>\n<p>Superstock : 1-Max M\u00e4chler, 2-Dimitri Charles, 3-Marius M\u00fcller<\/p>\n<p><a href=\"http:\/\/www.mrc-longwy.fr\/wp-content\/uploads\/2013\/10\/DSC_8806.jpg\"><img loading=\"lazy\" decoding=\"async\" class=\"alignnone size-medium wp-image-793\" title=\"DSC_8806\" src=\"http:\/\/www.mrc-longwy.fr\/wp-content\/uploads\/2013\/10\/DSC_8806-300x200.jpg\" alt=\"\" width=\"300\" height=\"200\" srcset=\"https:\/\/www.mrc-longwy.fr\/wp-content\/uploads\/2013\/10\/DSC_8806-300x200.jpg 300w, https:\/\/www.mrc-longwy.fr\/wp-content\/uploads\/2013\/10\/DSC_8806-1024x685.jpg 1024w\" sizes=\"auto, (max-width: 300px) 100vw, 300px\" \/><\/a><\/p>\n<p>&nbsp;<\/p>\n<p>Stock : 1-Tom Maquel, 2-Markus Kreder, 3-Jan Bickendorf<\/p>\n<p><a href=\"http:\/\/www.mrc-longwy.fr\/wp-content\/uploads\/2013\/10\/DSC_8810.jpg\"><img loading=\"lazy\" decoding=\"async\" class=\"alignnone size-medium wp-image-795\" title=\"DSC_8810\" src=\"http:\/\/www.mrc-longwy.fr\/wp-content\/uploads\/2013\/10\/DSC_8810-300x200.jpg\" alt=\"\" width=\"300\" height=\"200\" srcset=\"https:\/\/www.mrc-longwy.fr\/wp-content\/uploads\/2013\/10\/DSC_8810-300x200.jpg 300w, https:\/\/www.mrc-longwy.fr\/wp-content\/uploads\/2013\/10\/DSC_8810-1024x685.jpg 1024w\" sizes=\"auto, (max-width: 300px) 100vw, 300px\" \/><\/a><\/p>\n<p>&nbsp;<\/p>\n<p>Modifi\u00e9 : 1-Yannick Pr\u00fcmper, 2- Marc Rheinard, 3-Julian Borowski<\/p>\n<p><a href=\"http:\/\/www.mrc-longwy.fr\/wp-content\/uploads\/2013\/10\/DSC_8812.jpg\"><img loading=\"lazy\" decoding=\"async\" class=\"alignnone size-medium wp-image-796\" title=\"DSC_8812\" src=\"http:\/\/www.mrc-longwy.fr\/wp-content\/uploads\/2013\/10\/DSC_8812-300x200.jpg\" alt=\"\" width=\"300\" height=\"200\" srcset=\"https:\/\/www.mrc-longwy.fr\/wp-content\/uploads\/2013\/10\/DSC_8812-300x200.jpg 300w, https:\/\/www.mrc-longwy.fr\/wp-content\/uploads\/2013\/10\/DSC_8812-1024x685.jpg 1024w\" sizes=\"auto, (max-width: 300px) 100vw, 300px\" \/><\/a><\/p>\n<p>&nbsp;<\/p>\n<p>1\/12 : 1-Jacky Mannes, 2-Jacques Libar, 3-Gaetan Nousse<\/p>\n<p><a href=\"http:\/\/www.mrc-longwy.fr\/wp-content\/uploads\/2013\/10\/DSC_8807.jpg\"><img loading=\"lazy\" decoding=\"async\" class=\"alignnone size-medium wp-image-794\" title=\"DSC_8807\" src=\"http:\/\/www.mrc-longwy.fr\/wp-content\/uploads\/2013\/10\/DSC_8807-300x200.jpg\" alt=\"\" width=\"300\" height=\"200\" srcset=\"https:\/\/www.mrc-longwy.fr\/wp-content\/uploads\/2013\/10\/DSC_8807-300x200.jpg 300w, https:\/\/www.mrc-longwy.fr\/wp-content\/uploads\/2013\/10\/DSC_8807-1024x685.jpg 1024w\" sizes=\"auto, (max-width: 300px) 100vw, 300px\" \/><\/a><\/p>\n<p>&nbsp;<\/p>\n<p>&nbsp;<\/p>\n","protected":false},"excerpt":{"rendered":"<p>Les pilotes en action : &nbsp; La course en cat\u00e9gorie Rookie\u00a0: 6 participants dans cette cat\u00e9gorie. Le jeune Th\u00e9o Francois, vainqueur du round 1 prend la pole position de sa poule aux commandes de sa Team Magic E4RSII. Il remporte [&hellip;] <a class=\"more-link\" href=\"https:\/\/www.mrc-longwy.fr\/?p=786\">&darr; Read the rest of this entry&#8230;<\/a><\/p>\n","protected":false},"author":139,"featured_media":0,"comment_status":"open","ping_status":"open","sticky":false,"template":"","format":"standard","meta":{"footnotes":""},"categories":[16],"tags":[],"class_list":["post-786","post","type-post","status-publish","format-standard","hentry","category-mrc-winter-series","uentry","postonpage-1","odd","post-author-2-pic"],"_links":{"self":[{"href":"https:\/\/www.mrc-longwy.fr\/index.php?rest_route=\/wp\/v2\/posts\/786","targetHints":{"allow":["GET"]}}],"collection":[{"href":"https:\/\/www.mrc-longwy.fr\/index.php?rest_route=\/wp\/v2\/posts"}],"about":[{"href":"https:\/\/www.mrc-longwy.fr\/index.php?rest_route=\/wp\/v2\/types\/post"}],"author":[{"embeddable":true,"href":"https:\/\/www.mrc-longwy.fr\/index.php?rest_route=\/wp\/v2\/users\/139"}],"replies":[{"embeddable":true,"href":"https:\/\/www.mrc-longwy.fr\/index.php?rest_route=%2Fwp%2Fv2%2Fcomments&post=786"}],"version-history":[{"count":5,"href":"https:\/\/www.mrc-longwy.fr\/index.php?rest_route=\/wp\/v2\/posts\/786\/revisions"}],"predecessor-version":[{"id":799,"href":"https:\/\/www.mrc-longwy.fr\/index.php?rest_route=\/wp\/v2\/posts\/786\/revisions\/799"}],"wp:attachment":[{"href":"https:\/\/www.mrc-longwy.fr\/index.php?rest_route=%2Fwp%2Fv2%2Fmedia&parent=786"}],"wp:term":[{"taxonomy":"category","embeddable":true,"href":"https:\/\/www.mrc-longwy.fr\/index.php?rest_route=%2Fwp%2Fv2%2Fcategories&post=786"},{"taxonomy":"post_tag","embeddable":true,"href":"https:\/\/www.mrc-longwy.fr\/index.php?rest_route=%2Fwp%2Fv2%2Ftags&post=786"}],"curies":[{"name":"wp","href":"https:\/\/api.w.org\/{rel}","templated":true}]}}