{"id":760,"date":"2013-10-28T23:10:20","date_gmt":"2013-10-28T21:10:20","guid":{"rendered":"http:\/\/www.mrc-longwy.fr\/?p=760"},"modified":"2013-10-29T13:25:58","modified_gmt":"2013-10-29T11:25:58","slug":"mrc-winter-series-round-2-reportage-partie-1","status":"publish","type":"post","link":"https:\/\/www.mrc-longwy.fr\/?p=760","title":{"rendered":"MRC Winter Series Round 2 &#8211; Reportage (partie 1)"},"content":{"rendered":"<p>Le week-end du\u00a026 et 27\u00a0Octobre s\u2019est d\u00e9roul\u00e9 dans la salle du COSEC \u00e0 Longwy la 2\u00e8me manche des MRC Winter Series.<\/p>\n<p>&nbsp;<\/p>\n<p><strong>Participants :<\/strong><\/p>\n<p>Cette\u00a0courses a r\u00e9uni\u00a0plus de 70\u00a0pilotes dans 5 cat\u00e9gories. La piste a \u00e9t\u00e9 ouverte d\u00e8s samedi apr\u00e8s midi\u00a0pour des essais libres.\u00a0Plus de 50\u00a0pilotes \u00e9taient sur place pour apprendre le trac\u00e9 et mettre au point les bolides. L&rsquo;\u00e9venement de ce week end fut \u00e9videment la venue du triple champion du monde de la cat\u00e9gorie :\u00a0Marc Rheinard.<\/p>\n<p>&nbsp;<\/p>\n<p><strong>Technique Chassis :<\/strong><\/p>\n<p>Tamiya\u00a0: Seuls 2 pilotes repr\u00e9sentaient la marque aux deux \u00e9toiles, mais pas des moindres puisque le triple champion du monde Marc Rheinard \u00e9tait pr\u00e9sent aux commandes de la version de pr\u00e9-production du TRF418. Au programme, une nouvelle cellule centrale avec un point d&rsquo;ancrage facon Yokomo, de nouvelles platines inf\u00e9rieure et sup\u00e9rieur, de nouveaux triangles&#8230; Le pilote allemand disposait \u00e9galement du tout nouveau variateur Much More, le Fleta pro. Ce contr\u00f4leur se d\u00e9cline en trois versions,\u00a0la version pro, la version stock, et\u00a0une version\u00a0\u00ab\u00a0Euro\u00a0\u00bb d\u00e9di\u00e9e \u00e0 la cat\u00e9gorie stock de l\u2019ETS.<\/p>\n<p><a href=\"http:\/\/www.mrc-longwy.fr\/wp-content\/uploads\/2013\/10\/DSC_8780.jpg\"><img loading=\"lazy\" decoding=\"async\" class=\"alignnone size-medium wp-image-761\" title=\"DSC_8780\" src=\"http:\/\/www.mrc-longwy.fr\/wp-content\/uploads\/2013\/10\/DSC_8780-300x200.jpg\" alt=\"\" width=\"300\" height=\"200\" srcset=\"https:\/\/www.mrc-longwy.fr\/wp-content\/uploads\/2013\/10\/DSC_8780-300x200.jpg 300w, https:\/\/www.mrc-longwy.fr\/wp-content\/uploads\/2013\/10\/DSC_8780-1024x685.jpg 1024w\" sizes=\"auto, (max-width: 300px) 100vw, 300px\" \/><\/a><a href=\"http:\/\/www.mrc-longwy.fr\/wp-content\/uploads\/2013\/10\/DSC_8781.jpg\"><img loading=\"lazy\" decoding=\"async\" class=\"alignnone size-medium wp-image-762\" title=\"DSC_8781\" src=\"http:\/\/www.mrc-longwy.fr\/wp-content\/uploads\/2013\/10\/DSC_8781-300x200.jpg\" alt=\"\" width=\"300\" height=\"200\" srcset=\"https:\/\/www.mrc-longwy.fr\/wp-content\/uploads\/2013\/10\/DSC_8781-300x200.jpg 300w, https:\/\/www.mrc-longwy.fr\/wp-content\/uploads\/2013\/10\/DSC_8781-1024x685.jpg 1024w\" sizes=\"auto, (max-width: 300px) 100vw, 300px\" \/><\/a><\/p>\n<p>Xray\u00a0: La nouvelle T4 2014 fait un carton aupr\u00e8s de nombreux pilotes et est la voiture la plus pr\u00e9sente dans les stands. Ci-dessous, la T4 \u00e0 la pr\u00e9paration impeccable\u00a0de Valentin Lehmann, poleman du round 1 en cat\u00e9gorie stock.<\/p>\n<p><a href=\"http:\/\/www.mrc-longwy.fr\/wp-content\/uploads\/2013\/10\/DSC_8759.jpg\"><img loading=\"lazy\" decoding=\"async\" class=\"alignnone size-medium wp-image-763\" title=\"DSC_8759\" src=\"http:\/\/www.mrc-longwy.fr\/wp-content\/uploads\/2013\/10\/DSC_8759-300x200.jpg\" alt=\"\" width=\"300\" height=\"200\" srcset=\"https:\/\/www.mrc-longwy.fr\/wp-content\/uploads\/2013\/10\/DSC_8759-300x200.jpg 300w, https:\/\/www.mrc-longwy.fr\/wp-content\/uploads\/2013\/10\/DSC_8759-1024x685.jpg 1024w\" sizes=\"auto, (max-width: 300px) 100vw, 300px\" \/><\/a><a href=\"http:\/\/www.mrc-longwy.fr\/wp-content\/uploads\/2013\/10\/DSC_8760.jpg\"><img loading=\"lazy\" decoding=\"async\" class=\"alignnone size-medium wp-image-764\" title=\"DSC_8760\" src=\"http:\/\/www.mrc-longwy.fr\/wp-content\/uploads\/2013\/10\/DSC_8760-300x200.jpg\" alt=\"\" width=\"300\" height=\"200\" srcset=\"https:\/\/www.mrc-longwy.fr\/wp-content\/uploads\/2013\/10\/DSC_8760-300x200.jpg 300w, https:\/\/www.mrc-longwy.fr\/wp-content\/uploads\/2013\/10\/DSC_8760-1024x685.jpg 1024w\" sizes=\"auto, (max-width: 300px) 100vw, 300px\" \/><\/a><\/p>\n<p>Team C\u00a0: Un seul pilote pour cette jeune marque chinoise, \u00e0 savoir Tom Maquel du Luxembourg. Au programme, un concentr\u00e9 des meilleurs solutions utilis\u00e9es par la concurrence. Tom utilise sur sa TC10 un controleur de marque Hacker.<\/p>\n<p><a href=\"http:\/\/www.mrc-longwy.fr\/wp-content\/uploads\/2013\/10\/DSC_8770.jpg\"><img loading=\"lazy\" decoding=\"async\" class=\"alignnone size-medium wp-image-765\" title=\"DSC_8770\" src=\"http:\/\/www.mrc-longwy.fr\/wp-content\/uploads\/2013\/10\/DSC_8770-300x200.jpg\" alt=\"\" width=\"300\" height=\"200\" srcset=\"https:\/\/www.mrc-longwy.fr\/wp-content\/uploads\/2013\/10\/DSC_8770-300x200.jpg 300w, https:\/\/www.mrc-longwy.fr\/wp-content\/uploads\/2013\/10\/DSC_8770-1024x685.jpg 1024w\" sizes=\"auto, (max-width: 300px) 100vw, 300px\" \/><\/a><a href=\"http:\/\/www.mrc-longwy.fr\/wp-content\/uploads\/2013\/10\/DSC_8771.jpg\"><img loading=\"lazy\" decoding=\"async\" class=\"alignnone size-medium wp-image-766\" title=\"DSC_8771\" src=\"http:\/\/www.mrc-longwy.fr\/wp-content\/uploads\/2013\/10\/DSC_8771-300x200.jpg\" alt=\"\" width=\"300\" height=\"200\" srcset=\"https:\/\/www.mrc-longwy.fr\/wp-content\/uploads\/2013\/10\/DSC_8771-300x200.jpg 300w, https:\/\/www.mrc-longwy.fr\/wp-content\/uploads\/2013\/10\/DSC_8771-1024x685.jpg 1024w\" sizes=\"auto, (max-width: 300px) 100vw, 300px\" \/><\/a><\/p>\n<p>Vbc Racing : Lucas Urbain, vainqueur du round 1, et Michael Kiesewetter disposaient de la wildfire D06, ces 2 pilotes rentrent en finale A.<\/p>\n<p>Serpent : Les S411 Eryx \u00e9taient bien repr\u00e9sent\u00e9es\u00a0aux mains de pilotes allemands dont le tr\u00e8s v\u00e9loce Julian Borowski, ainsi que David Ehrbar.<\/p>\n<p>Awesomatix : 5 repr\u00e9sentants pour la marque Russe, avec notamment Thomas Vigneron, vice champion de France Stock et Max M\u00e4chler, habitu\u00e9 des ETS. Une nouvelle version de la A700 devrait sortir prochainement, avec au programme, une nouvelle transmission flottante ainsi qu&rsquo;une nouvelle platine sup\u00e9rieure.<\/p>\n<p>Yokomo : De nombreux pilotes Yokomo Europe \u00e9taient pr\u00e9sents\u00a0au commandes de leur BD7 : Yannick Prumper, Ren\u00e9 Klockner, Eric Dankel et Loic Jasmin.<\/p>\n<p>&nbsp;<\/p>\n<p><strong>In the pits :<\/strong><\/p>\n<p><img loading=\"lazy\" decoding=\"async\" class=\"alignnone size-medium wp-image-767\" title=\"DSC_8753\" src=\"http:\/\/www.mrc-longwy.fr\/wp-content\/uploads\/2013\/10\/DSC_8753-300x200.jpg\" alt=\"\" width=\"300\" height=\"200\" srcset=\"https:\/\/www.mrc-longwy.fr\/wp-content\/uploads\/2013\/10\/DSC_8753-300x200.jpg 300w, https:\/\/www.mrc-longwy.fr\/wp-content\/uploads\/2013\/10\/DSC_8753-1024x685.jpg 1024w\" sizes=\"auto, (max-width: 300px) 100vw, 300px\" \/><a href=\"http:\/\/www.mrc-longwy.fr\/wp-content\/uploads\/2013\/10\/DSC_8754.jpg\"><img loading=\"lazy\" decoding=\"async\" class=\"alignnone size-medium wp-image-768\" title=\"DSC_8754\" src=\"http:\/\/www.mrc-longwy.fr\/wp-content\/uploads\/2013\/10\/DSC_8754-300x200.jpg\" alt=\"\" width=\"300\" height=\"200\" srcset=\"https:\/\/www.mrc-longwy.fr\/wp-content\/uploads\/2013\/10\/DSC_8754-300x200.jpg 300w, https:\/\/www.mrc-longwy.fr\/wp-content\/uploads\/2013\/10\/DSC_8754-1024x685.jpg 1024w\" sizes=\"auto, (max-width: 300px) 100vw, 300px\" \/><\/a><a href=\"http:\/\/www.mrc-longwy.fr\/wp-content\/uploads\/2013\/10\/DSC_8755.jpg\"><img loading=\"lazy\" decoding=\"async\" class=\"alignnone size-medium wp-image-769\" title=\"DSC_8755\" src=\"http:\/\/www.mrc-longwy.fr\/wp-content\/uploads\/2013\/10\/DSC_8755-300x200.jpg\" alt=\"\" width=\"300\" height=\"200\" srcset=\"https:\/\/www.mrc-longwy.fr\/wp-content\/uploads\/2013\/10\/DSC_8755-300x200.jpg 300w, https:\/\/www.mrc-longwy.fr\/wp-content\/uploads\/2013\/10\/DSC_8755-1024x685.jpg 1024w\" sizes=\"auto, (max-width: 300px) 100vw, 300px\" \/><\/a><a href=\"http:\/\/www.mrc-longwy.fr\/wp-content\/uploads\/2013\/10\/DSC_8757.jpg\"><img loading=\"lazy\" decoding=\"async\" class=\"alignnone size-medium wp-image-770\" title=\"DSC_8757\" src=\"http:\/\/www.mrc-longwy.fr\/wp-content\/uploads\/2013\/10\/DSC_8757-300x200.jpg\" alt=\"\" width=\"300\" height=\"200\" srcset=\"https:\/\/www.mrc-longwy.fr\/wp-content\/uploads\/2013\/10\/DSC_8757-300x200.jpg 300w, https:\/\/www.mrc-longwy.fr\/wp-content\/uploads\/2013\/10\/DSC_8757-1024x685.jpg 1024w\" sizes=\"auto, (max-width: 300px) 100vw, 300px\" \/><\/a><a href=\"http:\/\/www.mrc-longwy.fr\/wp-content\/uploads\/2013\/10\/DSC_8779.jpg\"><img loading=\"lazy\" decoding=\"async\" class=\"alignnone size-medium wp-image-771\" title=\"DSC_8779\" src=\"http:\/\/www.mrc-longwy.fr\/wp-content\/uploads\/2013\/10\/DSC_8779-300x200.jpg\" alt=\"\" width=\"300\" height=\"200\" srcset=\"https:\/\/www.mrc-longwy.fr\/wp-content\/uploads\/2013\/10\/DSC_8779-300x200.jpg 300w, https:\/\/www.mrc-longwy.fr\/wp-content\/uploads\/2013\/10\/DSC_8779-1024x685.jpg 1024w\" sizes=\"auto, (max-width: 300px) 100vw, 300px\" \/><\/a><a href=\"http:\/\/www.mrc-longwy.fr\/wp-content\/uploads\/2013\/10\/DSC_8792.jpg\"><img loading=\"lazy\" decoding=\"async\" class=\"alignnone size-medium wp-image-772\" title=\"DSC_8792\" src=\"http:\/\/www.mrc-longwy.fr\/wp-content\/uploads\/2013\/10\/DSC_8792-300x200.jpg\" alt=\"\" width=\"300\" height=\"200\" srcset=\"https:\/\/www.mrc-longwy.fr\/wp-content\/uploads\/2013\/10\/DSC_8792-300x200.jpg 300w, https:\/\/www.mrc-longwy.fr\/wp-content\/uploads\/2013\/10\/DSC_8792-1024x685.jpg 1024w\" sizes=\"auto, (max-width: 300px) 100vw, 300px\" \/><\/a><\/p>\n<p>&nbsp;<\/p>\n<p><strong>Action en piste :<\/strong><\/p>\n<p><a href=\"http:\/\/www.mrc-longwy.fr\/wp-content\/uploads\/2013\/10\/DSC_8767.jpg\"><img loading=\"lazy\" decoding=\"async\" class=\"alignnone size-medium wp-image-776\" title=\"DSC_8767\" src=\"http:\/\/www.mrc-longwy.fr\/wp-content\/uploads\/2013\/10\/DSC_8767-300x200.jpg\" alt=\"\" width=\"300\" height=\"200\" srcset=\"https:\/\/www.mrc-longwy.fr\/wp-content\/uploads\/2013\/10\/DSC_8767-300x200.jpg 300w, https:\/\/www.mrc-longwy.fr\/wp-content\/uploads\/2013\/10\/DSC_8767-1024x685.jpg 1024w\" sizes=\"auto, (max-width: 300px) 100vw, 300px\" \/><\/a><a href=\"http:\/\/www.mrc-longwy.fr\/wp-content\/uploads\/2013\/10\/DSC_8795.jpg\"><img loading=\"lazy\" decoding=\"async\" class=\"alignnone size-medium wp-image-777\" title=\"DSC_8795\" src=\"http:\/\/www.mrc-longwy.fr\/wp-content\/uploads\/2013\/10\/DSC_8795-300x200.jpg\" alt=\"\" width=\"300\" height=\"200\" srcset=\"https:\/\/www.mrc-longwy.fr\/wp-content\/uploads\/2013\/10\/DSC_8795-300x200.jpg 300w, https:\/\/www.mrc-longwy.fr\/wp-content\/uploads\/2013\/10\/DSC_8795-1024x685.jpg 1024w\" sizes=\"auto, (max-width: 300px) 100vw, 300px\" \/><\/a><a href=\"http:\/\/www.mrc-longwy.fr\/wp-content\/uploads\/2013\/10\/DSC_8796.jpg\"><img loading=\"lazy\" decoding=\"async\" class=\"alignnone size-medium wp-image-778\" title=\"DSC_8796\" src=\"http:\/\/www.mrc-longwy.fr\/wp-content\/uploads\/2013\/10\/DSC_8796-300x200.jpg\" alt=\"\" width=\"300\" height=\"200\" srcset=\"https:\/\/www.mrc-longwy.fr\/wp-content\/uploads\/2013\/10\/DSC_8796-300x200.jpg 300w, https:\/\/www.mrc-longwy.fr\/wp-content\/uploads\/2013\/10\/DSC_8796-1024x685.jpg 1024w\" sizes=\"auto, (max-width: 300px) 100vw, 300px\" \/><\/a><a href=\"http:\/\/www.mrc-longwy.fr\/wp-content\/uploads\/2013\/10\/DSC_8800.jpg\"><img loading=\"lazy\" decoding=\"async\" class=\"alignnone size-medium wp-image-779\" title=\"DSC_8800\" src=\"http:\/\/www.mrc-longwy.fr\/wp-content\/uploads\/2013\/10\/DSC_8800-300x200.jpg\" alt=\"\" width=\"300\" height=\"200\" srcset=\"https:\/\/www.mrc-longwy.fr\/wp-content\/uploads\/2013\/10\/DSC_8800-300x200.jpg 300w, https:\/\/www.mrc-longwy.fr\/wp-content\/uploads\/2013\/10\/DSC_8800-1024x685.jpg 1024w\" sizes=\"auto, (max-width: 300px) 100vw, 300px\" \/><\/a><\/p>\n","protected":false},"excerpt":{"rendered":"<p>Le week-end du\u00a026 et 27\u00a0Octobre s\u2019est d\u00e9roul\u00e9 dans la salle du COSEC \u00e0 Longwy la 2\u00e8me manche des MRC Winter Series. &nbsp; Participants : Cette\u00a0courses a r\u00e9uni\u00a0plus de 70\u00a0pilotes dans 5 cat\u00e9gories. La piste a \u00e9t\u00e9 ouverte d\u00e8s samedi apr\u00e8s [&hellip;] <a class=\"more-link\" href=\"https:\/\/www.mrc-longwy.fr\/?p=760\">&darr; Read the rest of this entry&#8230;<\/a><\/p>\n","protected":false},"author":139,"featured_media":0,"comment_status":"open","ping_status":"open","sticky":false,"template":"","format":"standard","meta":{"footnotes":""},"categories":[16],"tags":[],"class_list":["post-760","post","type-post","status-publish","format-standard","hentry","category-mrc-winter-series","uentry","postonpage-1","odd","post-author-2-pic"],"_links":{"self":[{"href":"https:\/\/www.mrc-longwy.fr\/index.php?rest_route=\/wp\/v2\/posts\/760","targetHints":{"allow":["GET"]}}],"collection":[{"href":"https:\/\/www.mrc-longwy.fr\/index.php?rest_route=\/wp\/v2\/posts"}],"about":[{"href":"https:\/\/www.mrc-longwy.fr\/index.php?rest_route=\/wp\/v2\/types\/post"}],"author":[{"embeddable":true,"href":"https:\/\/www.mrc-longwy.fr\/index.php?rest_route=\/wp\/v2\/users\/139"}],"replies":[{"embeddable":true,"href":"https:\/\/www.mrc-longwy.fr\/index.php?rest_route=%2Fwp%2Fv2%2Fcomments&post=760"}],"version-history":[{"count":6,"href":"https:\/\/www.mrc-longwy.fr\/index.php?rest_route=\/wp\/v2\/posts\/760\/revisions"}],"predecessor-version":[{"id":785,"href":"https:\/\/www.mrc-longwy.fr\/index.php?rest_route=\/wp\/v2\/posts\/760\/revisions\/785"}],"wp:attachment":[{"href":"https:\/\/www.mrc-longwy.fr\/index.php?rest_route=%2Fwp%2Fv2%2Fmedia&parent=760"}],"wp:term":[{"taxonomy":"category","embeddable":true,"href":"https:\/\/www.mrc-longwy.fr\/index.php?rest_route=%2Fwp%2Fv2%2Fcategories&post=760"},{"taxonomy":"post_tag","embeddable":true,"href":"https:\/\/www.mrc-longwy.fr\/index.php?rest_route=%2Fwp%2Fv2%2Ftags&post=760"}],"curies":[{"name":"wp","href":"https:\/\/api.w.org\/{rel}","templated":true}]}}