{"id":681,"date":"2013-10-08T10:31:02","date_gmt":"2013-10-08T08:31:02","guid":{"rendered":"http:\/\/www.mrc-longwy.fr\/?p=681"},"modified":"2013-10-08T11:20:32","modified_gmt":"2013-10-08T09:20:32","slug":"mrc-longwy-winter-series-round-1-report","status":"publish","type":"post","link":"https:\/\/www.mrc-longwy.fr\/?p=681","title":{"rendered":"MRC LONGWY Winter Series Round 1- Report"},"content":{"rendered":"<p><a href=\"http:\/\/www.mrc-longwy.fr\/wp-content\/uploads\/2013\/10\/controle-1-21.jpg\"><img loading=\"lazy\" decoding=\"async\" class=\"aligncenter size-large wp-image-684\" title=\"anniejasmin_7x1,50_FC6901\" src=\"http:\/\/www.mrc-longwy.fr\/wp-content\/uploads\/2013\/10\/controle-1-21-1024x219.jpg\" alt=\"\" width=\"500\" height=\"106\" srcset=\"https:\/\/www.mrc-longwy.fr\/wp-content\/uploads\/2013\/10\/controle-1-21-1024x219.jpg 1024w, https:\/\/www.mrc-longwy.fr\/wp-content\/uploads\/2013\/10\/controle-1-21-300x64.jpg 300w, https:\/\/www.mrc-longwy.fr\/wp-content\/uploads\/2013\/10\/controle-1-21.jpg 1181w\" sizes=\"auto, (max-width: 500px) 100vw, 500px\" \/><\/a>Le week-end du 5 &amp; 6 Octobre s&rsquo;est d\u00e9roul\u00e9 dans la salle du COSEC \u00e0 Longwy le 1er Round des MRC Winter Series.<\/p>\n<p>Cette premi\u00e8re manche a r\u00e9uni 65 pilotes dans 5 cat\u00e9gories avec la r\u00e9partition suivante : Rookie 3, Superstock 8, Stock 36, Modified 14 et en 1\/12 4 pilotes.<\/p>\n<p>D\u00e8s le samedi, la piste a \u00e9t\u00e9 ouverte pour des essais libres de 15h00 \u00e0 minuit. Environ 40 pilotes \u00e9taient sur place pour mettre au point les chassis et prendre la mesure de la piste.<\/p>\n<p>Le trac\u00e9 pour cette premi\u00e8re manche s&rsquo;est r\u00e9v\u00e9l\u00e9 sympa \u00e0 rouler avec un grip tr\u00e8s \u00e9lev\u00e9.<\/p>\n<p><a href=\"http:\/\/www.mrc-longwy.fr\/wp-content\/uploads\/2013\/10\/DSC_8400.jpg\"><img loading=\"lazy\" decoding=\"async\" class=\"aligncenter size-medium wp-image-685\" title=\"DSC_8400\" src=\"http:\/\/www.mrc-longwy.fr\/wp-content\/uploads\/2013\/10\/DSC_8400-300x200.jpg\" alt=\"\" width=\"300\" height=\"200\" srcset=\"https:\/\/www.mrc-longwy.fr\/wp-content\/uploads\/2013\/10\/DSC_8400-300x200.jpg 300w, https:\/\/www.mrc-longwy.fr\/wp-content\/uploads\/2013\/10\/DSC_8400-1024x685.jpg 1024w\" sizes=\"auto, (max-width: 300px) 100vw, 300px\" \/><\/a><a href=\"http:\/\/www.mrc-longwy.fr\/wp-content\/uploads\/2013\/10\/DSC_8436.jpg\"><img loading=\"lazy\" decoding=\"async\" class=\"aligncenter size-medium wp-image-686\" title=\"DSC_8436\" src=\"http:\/\/www.mrc-longwy.fr\/wp-content\/uploads\/2013\/10\/DSC_8436-300x194.jpg\" alt=\"\" width=\"300\" height=\"194\" srcset=\"https:\/\/www.mrc-longwy.fr\/wp-content\/uploads\/2013\/10\/DSC_8436-300x194.jpg 300w, https:\/\/www.mrc-longwy.fr\/wp-content\/uploads\/2013\/10\/DSC_8436-1024x665.jpg 1024w\" sizes=\"auto, (max-width: 300px) 100vw, 300px\" \/><\/a>Apr\u00e8s 3 qualifications et 3 finales pour toutes les cat\u00e9gories, voici donc les podiums<\/p>\n<p>En ROOKIE:<\/p>\n<p>Victoire pour sa premi\u00e8re course du jeune Th\u00e9o FRANCOIS devant les 2 f\u00e9minines du club Pr\u00e9scilia et Sabrina<\/p>\n<div id=\"attachment_687\" style=\"width: 510px\" class=\"wp-caption aligncenter\"><a href=\"http:\/\/www.mrc-longwy.fr\/wp-content\/uploads\/2013\/10\/DSC_8456.jpg\"><img loading=\"lazy\" decoding=\"async\" aria-describedby=\"caption-attachment-687\" class=\"size-large wp-image-687\" title=\"DSC_8456\" src=\"http:\/\/www.mrc-longwy.fr\/wp-content\/uploads\/2013\/10\/DSC_8456-1024x685.jpg\" alt=\"\" width=\"500\" height=\"334\" srcset=\"https:\/\/www.mrc-longwy.fr\/wp-content\/uploads\/2013\/10\/DSC_8456-1024x685.jpg 1024w, https:\/\/www.mrc-longwy.fr\/wp-content\/uploads\/2013\/10\/DSC_8456-300x200.jpg 300w\" sizes=\"auto, (max-width: 500px) 100vw, 500px\" \/><\/a><p id=\"caption-attachment-687\" class=\"wp-caption-text\">1er- Th\u00e9o FRANCOIS, 2nd Prescilla MELACOTTE<\/p><\/div>\n<p>En SUPERSTOCK:<\/p>\n<p>Victoire du pilote Allemand HERMANN Frank devant St\u00e9phane DELISE (BE) et le pilote Luxembourgeois Pol CALMES<\/p>\n<div id=\"attachment_688\" style=\"width: 510px\" class=\"wp-caption aligncenter\"><a href=\"http:\/\/www.mrc-longwy.fr\/wp-content\/uploads\/2013\/10\/DSC_8461.jpg\"><img loading=\"lazy\" decoding=\"async\" aria-describedby=\"caption-attachment-688\" class=\"size-large wp-image-688\" title=\"DSC_8461\" src=\"http:\/\/www.mrc-longwy.fr\/wp-content\/uploads\/2013\/10\/DSC_8461-1024x587.jpg\" alt=\"\" width=\"500\" height=\"286\" srcset=\"https:\/\/www.mrc-longwy.fr\/wp-content\/uploads\/2013\/10\/DSC_8461-1024x587.jpg 1024w, https:\/\/www.mrc-longwy.fr\/wp-content\/uploads\/2013\/10\/DSC_8461-300x172.jpg 300w\" sizes=\"auto, (max-width: 500px) 100vw, 500px\" \/><\/a><p id=\"caption-attachment-688\" class=\"wp-caption-text\">2- DELISE Stephane &#8211; 1-HERMANN Frank- 3- CALMES Pol<\/p><\/div>\n<p>En 1\/12:<\/p>\n<p>Victoire pour J\u00e9remy CLAVEY sur la Legend 12 de Allien Racing devant Jacques LIBAR (Lu) et Raymond LIBAR.<\/p>\n<p><a href=\"http:\/\/www.mrc-longwy.fr\/wp-content\/uploads\/2013\/10\/DSC_8458.jpg\"><img loading=\"lazy\" decoding=\"async\" class=\"aligncenter size-large wp-image-689\" title=\"DSC_8458\" src=\"http:\/\/www.mrc-longwy.fr\/wp-content\/uploads\/2013\/10\/DSC_8458-1024x549.jpg\" alt=\"\" width=\"500\" height=\"268\" srcset=\"https:\/\/www.mrc-longwy.fr\/wp-content\/uploads\/2013\/10\/DSC_8458-1024x549.jpg 1024w, https:\/\/www.mrc-longwy.fr\/wp-content\/uploads\/2013\/10\/DSC_8458-300x161.jpg 300w\" sizes=\"auto, (max-width: 500px) 100vw, 500px\" \/><\/a>En cat\u00e9gorie STOCK:<\/p>\n<p>36 pilotes dans cette cat\u00e9gorie avec un niveau tr\u00e8s \u00e9lev\u00e9. Aux thermes de 3 superbes finales, c&rsquo;est le jeune pilote Allemand Jan BICKENDORF qui s&rsquo;impose devant le Luxembourgeois Tom MAQUEL et le pilote du MRC LONGWY Valentin LEHMANN en 3\u00e8me position.<\/p>\n<div id=\"attachment_690\" style=\"width: 510px\" class=\"wp-caption aligncenter\"><a href=\"http:\/\/www.mrc-longwy.fr\/wp-content\/uploads\/2013\/10\/DSC_8463.jpg\"><img loading=\"lazy\" decoding=\"async\" aria-describedby=\"caption-attachment-690\" class=\"size-large wp-image-690\" title=\"DSC_8463\" src=\"http:\/\/www.mrc-longwy.fr\/wp-content\/uploads\/2013\/10\/DSC_8463-1024x578.jpg\" alt=\"\" width=\"500\" height=\"282\" srcset=\"https:\/\/www.mrc-longwy.fr\/wp-content\/uploads\/2013\/10\/DSC_8463-1024x578.jpg 1024w, https:\/\/www.mrc-longwy.fr\/wp-content\/uploads\/2013\/10\/DSC_8463-300x169.jpg 300w\" sizes=\"auto, (max-width: 500px) 100vw, 500px\" \/><\/a><p id=\"caption-attachment-690\" class=\"wp-caption-text\">2- MAQUEL Tom -1 BICKENDORF Jan- 3-LEHMANN Valentin<\/p><\/div>\n<p>En MODIFIED:<\/p>\n<p>Sur 14 pilotes, Lucas URBAIN du MRC LONGWY fera la pole position et s&rsquo;imposera en finale devant Manu WAGNER (MRC) et L\u00e9o ARNOLD.<\/p>\n<div id=\"attachment_691\" style=\"width: 510px\" class=\"wp-caption aligncenter\"><a href=\"http:\/\/www.mrc-longwy.fr\/wp-content\/uploads\/2013\/10\/DSC_8464.jpg\"><img loading=\"lazy\" decoding=\"async\" aria-describedby=\"caption-attachment-691\" class=\"size-large wp-image-691\" title=\"DSC_8464\" src=\"http:\/\/www.mrc-longwy.fr\/wp-content\/uploads\/2013\/10\/DSC_8464-1024x495.jpg\" alt=\"\" width=\"500\" height=\"241\" srcset=\"https:\/\/www.mrc-longwy.fr\/wp-content\/uploads\/2013\/10\/DSC_8464-1024x495.jpg 1024w, https:\/\/www.mrc-longwy.fr\/wp-content\/uploads\/2013\/10\/DSC_8464-300x145.jpg 300w\" sizes=\"auto, (max-width: 500px) 100vw, 500px\" \/><\/a><p id=\"caption-attachment-691\" class=\"wp-caption-text\">2- WAGNER Manu- 1- URBAIN Lucas -3- ARNOLD L\u00e9o<\/p><\/div>\n<p>Tous les r\u00e9sultats sont en ligne sur www.myrcm.ch dans la rubrique \u00ab\u00a0course archiv\u00e9e\u00a0\u00bb<\/p>\n<p>Toute l&rsquo;\u00e9quipe du MRC LONGWY a \u00e9t\u00e9 ravi de vous acceuillir pour ce 1er Round des MRC WINTER SERIES et esp\u00e8re que vous avez pass\u00e9 un agr\u00e9able week-end.<br \/>\nRendez-vous le 27 Octobre pour le second Round avec, on esp\u00e8re, encore plus de participants et toujours autant de bonne humeur.<\/p>\n<p>A tr\u00e8s vite!!<\/p>\n<p>Quelques photos:<\/p>\n<p><a href=\"http:\/\/www.mrc-longwy.fr\/wp-content\/uploads\/2013\/10\/DSC_8417.jpg\"><img loading=\"lazy\" decoding=\"async\" class=\"aligncenter size-medium wp-image-692\" title=\"DSC_8417\" src=\"http:\/\/www.mrc-longwy.fr\/wp-content\/uploads\/2013\/10\/DSC_8417-300x200.jpg\" alt=\"\" width=\"300\" height=\"200\" srcset=\"https:\/\/www.mrc-longwy.fr\/wp-content\/uploads\/2013\/10\/DSC_8417-300x200.jpg 300w, https:\/\/www.mrc-longwy.fr\/wp-content\/uploads\/2013\/10\/DSC_8417-1024x685.jpg 1024w\" sizes=\"auto, (max-width: 300px) 100vw, 300px\" \/><\/a><a href=\"http:\/\/www.mrc-longwy.fr\/wp-content\/uploads\/2013\/10\/DSC_8419.jpg\"><img loading=\"lazy\" decoding=\"async\" class=\"aligncenter size-medium wp-image-693\" title=\"DSC_8419\" src=\"http:\/\/www.mrc-longwy.fr\/wp-content\/uploads\/2013\/10\/DSC_8419-300x200.jpg\" alt=\"\" width=\"300\" height=\"200\" srcset=\"https:\/\/www.mrc-longwy.fr\/wp-content\/uploads\/2013\/10\/DSC_8419-300x200.jpg 300w, https:\/\/www.mrc-longwy.fr\/wp-content\/uploads\/2013\/10\/DSC_8419-1024x685.jpg 1024w\" sizes=\"auto, (max-width: 300px) 100vw, 300px\" \/><\/a><a href=\"http:\/\/www.mrc-longwy.fr\/wp-content\/uploads\/2013\/10\/DSC_8422.jpg\"><img loading=\"lazy\" decoding=\"async\" class=\"aligncenter size-medium wp-image-694\" title=\"DSC_8422\" src=\"http:\/\/www.mrc-longwy.fr\/wp-content\/uploads\/2013\/10\/DSC_8422-300x197.jpg\" alt=\"\" width=\"300\" height=\"197\" srcset=\"https:\/\/www.mrc-longwy.fr\/wp-content\/uploads\/2013\/10\/DSC_8422-300x197.jpg 300w, https:\/\/www.mrc-longwy.fr\/wp-content\/uploads\/2013\/10\/DSC_8422-1024x672.jpg 1024w\" sizes=\"auto, (max-width: 300px) 100vw, 300px\" \/><\/a><a href=\"http:\/\/www.mrc-longwy.fr\/wp-content\/uploads\/2013\/10\/DSC_8424.jpg\"><img loading=\"lazy\" decoding=\"async\" class=\"aligncenter size-medium wp-image-695\" title=\"DSC_8424\" src=\"http:\/\/www.mrc-longwy.fr\/wp-content\/uploads\/2013\/10\/DSC_8424-300x241.jpg\" alt=\"\" width=\"300\" height=\"241\" srcset=\"https:\/\/www.mrc-longwy.fr\/wp-content\/uploads\/2013\/10\/DSC_8424-300x241.jpg 300w, https:\/\/www.mrc-longwy.fr\/wp-content\/uploads\/2013\/10\/DSC_8424-1024x823.jpg 1024w\" sizes=\"auto, (max-width: 300px) 100vw, 300px\" \/><\/a><a href=\"http:\/\/www.mrc-longwy.fr\/wp-content\/uploads\/2013\/10\/DSC_8425.jpg\"><img loading=\"lazy\" decoding=\"async\" class=\"aligncenter size-medium wp-image-696\" title=\"DSC_8425\" src=\"http:\/\/www.mrc-longwy.fr\/wp-content\/uploads\/2013\/10\/DSC_8425-300x200.jpg\" alt=\"\" width=\"300\" height=\"200\" srcset=\"https:\/\/www.mrc-longwy.fr\/wp-content\/uploads\/2013\/10\/DSC_8425-300x200.jpg 300w, https:\/\/www.mrc-longwy.fr\/wp-content\/uploads\/2013\/10\/DSC_8425-1024x684.jpg 1024w\" sizes=\"auto, (max-width: 300px) 100vw, 300px\" \/><\/a><a href=\"http:\/\/www.mrc-longwy.fr\/wp-content\/uploads\/2013\/10\/DSC_8427.jpg\"><img loading=\"lazy\" decoding=\"async\" class=\"aligncenter size-medium wp-image-697\" title=\"DSC_8427\" src=\"http:\/\/www.mrc-longwy.fr\/wp-content\/uploads\/2013\/10\/DSC_8427-300x200.jpg\" alt=\"\" width=\"300\" height=\"200\" srcset=\"https:\/\/www.mrc-longwy.fr\/wp-content\/uploads\/2013\/10\/DSC_8427-300x200.jpg 300w, https:\/\/www.mrc-longwy.fr\/wp-content\/uploads\/2013\/10\/DSC_8427-1024x685.jpg 1024w\" sizes=\"auto, (max-width: 300px) 100vw, 300px\" \/><\/a><a href=\"http:\/\/www.mrc-longwy.fr\/wp-content\/uploads\/2013\/10\/DSC_8429.jpg\"><img loading=\"lazy\" decoding=\"async\" class=\"aligncenter size-medium wp-image-698\" title=\"DSC_8429\" src=\"http:\/\/www.mrc-longwy.fr\/wp-content\/uploads\/2013\/10\/DSC_8429-300x200.jpg\" alt=\"\" width=\"300\" height=\"200\" srcset=\"https:\/\/www.mrc-longwy.fr\/wp-content\/uploads\/2013\/10\/DSC_8429-300x200.jpg 300w, https:\/\/www.mrc-longwy.fr\/wp-content\/uploads\/2013\/10\/DSC_8429-1024x685.jpg 1024w\" sizes=\"auto, (max-width: 300px) 100vw, 300px\" \/><\/a><a href=\"http:\/\/www.mrc-longwy.fr\/wp-content\/uploads\/2013\/10\/DSC_8430.jpg\"><img loading=\"lazy\" decoding=\"async\" class=\"aligncenter size-medium wp-image-699\" title=\"DSC_8430\" src=\"http:\/\/www.mrc-longwy.fr\/wp-content\/uploads\/2013\/10\/DSC_8430-300x200.jpg\" alt=\"\" width=\"300\" height=\"200\" srcset=\"https:\/\/www.mrc-longwy.fr\/wp-content\/uploads\/2013\/10\/DSC_8430-300x200.jpg 300w, https:\/\/www.mrc-longwy.fr\/wp-content\/uploads\/2013\/10\/DSC_8430-1024x685.jpg 1024w\" sizes=\"auto, (max-width: 300px) 100vw, 300px\" \/><\/a><a href=\"http:\/\/www.mrc-longwy.fr\/wp-content\/uploads\/2013\/10\/DSC_8439.jpg\"><img loading=\"lazy\" decoding=\"async\" class=\"aligncenter size-medium wp-image-700\" title=\"DSC_8439\" src=\"http:\/\/www.mrc-longwy.fr\/wp-content\/uploads\/2013\/10\/DSC_8439-300x200.jpg\" alt=\"\" width=\"300\" height=\"200\" srcset=\"https:\/\/www.mrc-longwy.fr\/wp-content\/uploads\/2013\/10\/DSC_8439-300x200.jpg 300w, https:\/\/www.mrc-longwy.fr\/wp-content\/uploads\/2013\/10\/DSC_8439-1024x685.jpg 1024w\" sizes=\"auto, (max-width: 300px) 100vw, 300px\" \/><\/a><a href=\"http:\/\/www.mrc-longwy.fr\/wp-content\/uploads\/2013\/10\/DSC_8445.jpg\"><img loading=\"lazy\" decoding=\"async\" class=\"aligncenter size-medium wp-image-701\" title=\"DSC_8445\" src=\"http:\/\/www.mrc-longwy.fr\/wp-content\/uploads\/2013\/10\/DSC_8445-300x200.jpg\" alt=\"\" width=\"300\" height=\"200\" srcset=\"https:\/\/www.mrc-longwy.fr\/wp-content\/uploads\/2013\/10\/DSC_8445-300x200.jpg 300w, https:\/\/www.mrc-longwy.fr\/wp-content\/uploads\/2013\/10\/DSC_8445-1024x685.jpg 1024w\" sizes=\"auto, (max-width: 300px) 100vw, 300px\" \/><\/a><\/p>\n<div id=\"attachment_702\" style=\"width: 310px\" class=\"wp-caption aligncenter\"><a href=\"http:\/\/www.mrc-longwy.fr\/wp-content\/uploads\/2013\/10\/DSC_8433.jpg\"><img loading=\"lazy\" decoding=\"async\" aria-describedby=\"caption-attachment-702\" class=\"size-medium wp-image-702\" title=\"DSC_8433\" src=\"http:\/\/www.mrc-longwy.fr\/wp-content\/uploads\/2013\/10\/DSC_8433-300x200.jpg\" alt=\"\" width=\"300\" height=\"200\" srcset=\"https:\/\/www.mrc-longwy.fr\/wp-content\/uploads\/2013\/10\/DSC_8433-300x200.jpg 300w, https:\/\/www.mrc-longwy.fr\/wp-content\/uploads\/2013\/10\/DSC_8433-1024x685.jpg 1024w\" sizes=\"auto, (max-width: 300px) 100vw, 300px\" \/><\/a><p id=\"caption-attachment-702\" class=\"wp-caption-text\">la nouvelle T4<\/p>\n<div class=\"mceTemp mceIEcenter\">\n<dl id=\"attachment_703\" class=\"wp-caption aligncenter\" style=\"width: 310px;\">\n<dt class=\"wp-caption-dt\"><a href=\"http:\/\/www.mrc-longwy.fr\/wp-content\/uploads\/2013\/10\/DSC_8440.jpg\"><img loading=\"lazy\" decoding=\"async\" class=\"size-medium wp-image-703\" title=\"DSC_8440\" src=\"http:\/\/www.mrc-longwy.fr\/wp-content\/uploads\/2013\/10\/DSC_8440-300x200.jpg\" alt=\"\" width=\"300\" height=\"200\" srcset=\"https:\/\/www.mrc-longwy.fr\/wp-content\/uploads\/2013\/10\/DSC_8440-300x200.jpg 300w, https:\/\/www.mrc-longwy.fr\/wp-content\/uploads\/2013\/10\/DSC_8440-1024x685.jpg 1024w\" sizes=\"auto, (max-width: 300px) 100vw, 300px\" \/><\/a><\/dt>\n<dd class=\"wp-caption-dd\">la Team C de Tom Maquel<\/p>\n<div class=\"mceTemp mceIEcenter\">\n<dl id=\"attachment_704\" class=\"wp-caption aligncenter\" style=\"width: 310px;\">\n<dt class=\"wp-caption-dt\"><a href=\"http:\/\/www.mrc-longwy.fr\/wp-content\/uploads\/2013\/10\/DSC_8446.jpg\"><img loading=\"lazy\" decoding=\"async\" class=\"size-medium wp-image-704\" title=\"DSC_8446\" src=\"http:\/\/www.mrc-longwy.fr\/wp-content\/uploads\/2013\/10\/DSC_8446-300x200.jpg\" alt=\"\" width=\"300\" height=\"200\" srcset=\"https:\/\/www.mrc-longwy.fr\/wp-content\/uploads\/2013\/10\/DSC_8446-300x200.jpg 300w, https:\/\/www.mrc-longwy.fr\/wp-content\/uploads\/2013\/10\/DSC_8446-1024x685.jpg 1024w\" sizes=\"auto, (max-width: 300px) 100vw, 300px\" \/><\/a><\/dt>\n<dd class=\"wp-caption-dd\">La CSO<\/p>\n<div class=\"mceTemp mceIEcenter\">\n<dl id=\"attachment_705\" class=\"wp-caption aligncenter\" style=\"width: 310px;\">\n<dt class=\"wp-caption-dt\"><a href=\"http:\/\/www.mrc-longwy.fr\/wp-content\/uploads\/2013\/10\/DSC_8454.jpg\"><img loading=\"lazy\" decoding=\"async\" class=\"size-medium wp-image-705\" title=\"DSC_8454\" src=\"http:\/\/www.mrc-longwy.fr\/wp-content\/uploads\/2013\/10\/DSC_8454-300x281.jpg\" alt=\"\" width=\"300\" height=\"281\" srcset=\"https:\/\/www.mrc-longwy.fr\/wp-content\/uploads\/2013\/10\/DSC_8454-300x281.jpg 300w, https:\/\/www.mrc-longwy.fr\/wp-content\/uploads\/2013\/10\/DSC_8454-1024x962.jpg 1024w\" sizes=\"auto, (max-width: 300px) 100vw, 300px\" \/><\/a><\/dt>\n<dd class=\"wp-caption-dd\">Monsieur GATEAUX!!<\/p><\/div>\n<\/dd>\n<\/dl>\n<\/div>\n<\/dd>\n<\/dl>\n<\/div>\n<\/dd>\n<\/dl>\n<\/div>\n","protected":false},"excerpt":{"rendered":"<p>Le week-end du 5 &amp; 6 Octobre s&rsquo;est d\u00e9roul\u00e9 dans la salle du COSEC \u00e0 Longwy le 1er Round des MRC Winter Series. Cette premi\u00e8re manche a r\u00e9uni 65 pilotes dans 5 cat\u00e9gories avec la r\u00e9partition suivante : Rookie 3, [&hellip;] <a class=\"more-link\" href=\"https:\/\/www.mrc-longwy.fr\/?p=681\">&darr; Read the rest of this entry&#8230;<\/a><\/p>\n","protected":false},"author":4,"featured_media":0,"comment_status":"open","ping_status":"open","sticky":false,"template":"","format":"standard","meta":{"footnotes":""},"categories":[1],"tags":[],"class_list":["post-681","post","type-post","status-publish","format-standard","hentry","category-non-classe","uentry","postonpage-1","odd","post-author-mika"],"_links":{"self":[{"href":"https:\/\/www.mrc-longwy.fr\/index.php?rest_route=\/wp\/v2\/posts\/681","targetHints":{"allow":["GET"]}}],"collection":[{"href":"https:\/\/www.mrc-longwy.fr\/index.php?rest_route=\/wp\/v2\/posts"}],"about":[{"href":"https:\/\/www.mrc-longwy.fr\/index.php?rest_route=\/wp\/v2\/types\/post"}],"author":[{"embeddable":true,"href":"https:\/\/www.mrc-longwy.fr\/index.php?rest_route=\/wp\/v2\/users\/4"}],"replies":[{"embeddable":true,"href":"https:\/\/www.mrc-longwy.fr\/index.php?rest_route=%2Fwp%2Fv2%2Fcomments&post=681"}],"version-history":[{"count":4,"href":"https:\/\/www.mrc-longwy.fr\/index.php?rest_route=\/wp\/v2\/posts\/681\/revisions"}],"predecessor-version":[{"id":709,"href":"https:\/\/www.mrc-longwy.fr\/index.php?rest_route=\/wp\/v2\/posts\/681\/revisions\/709"}],"wp:attachment":[{"href":"https:\/\/www.mrc-longwy.fr\/index.php?rest_route=%2Fwp%2Fv2%2Fmedia&parent=681"}],"wp:term":[{"taxonomy":"category","embeddable":true,"href":"https:\/\/www.mrc-longwy.fr\/index.php?rest_route=%2Fwp%2Fv2%2Fcategories&post=681"},{"taxonomy":"post_tag","embeddable":true,"href":"https:\/\/www.mrc-longwy.fr\/index.php?rest_route=%2Fwp%2Fv2%2Ftags&post=681"}],"curies":[{"name":"wp","href":"https:\/\/api.w.org\/{rel}","templated":true}]}}