{"id":639,"date":"2013-08-26T21:10:48","date_gmt":"2013-08-26T19:10:48","guid":{"rendered":"http:\/\/www.mrc-longwy.fr\/?p=639"},"modified":"2013-08-26T21:10:48","modified_gmt":"2013-08-26T19:10:48","slug":"loic-jasmin-simpose-a-la-coupe-de-france-a-besancon","status":"publish","type":"post","link":"https:\/\/www.mrc-longwy.fr\/?p=639","title":{"rendered":"Loic JASMIN s&rsquo;impose \u00e0 la Coupe de France \u00e0 Besancon"},"content":{"rendered":"<p>Le week-end du 24 et 25 Aout 2013 s&rsquo;est tenu la Coupe de France piste 1\/10 \u00e0 Besan\u00e7on (25). Plus de 75 pilotes se sont donn\u00e9s rendez-vous sur cette superbe piste tr\u00e8s exigeante niveau motorisation.<\/p>\n<p>Encore de tr\u00e8s bon r\u00e9sultats pour les membres du MRC LONGWY.<\/p>\n<p>En cat\u00e9gorie STANDARD 13.5:<\/p>\n<div id=\"attachment_640\" style=\"width: 510px\" class=\"wp-caption aligncenter\"><a href=\"http:\/\/www.mrc-longwy.fr\/wp-content\/uploads\/2013\/08\/IMG_0529.jpg\"><img loading=\"lazy\" decoding=\"async\" aria-describedby=\"caption-attachment-640\" class=\"size-large wp-image-640\" title=\"IMG_0529\" src=\"http:\/\/www.mrc-longwy.fr\/wp-content\/uploads\/2013\/08\/IMG_0529-911x1024.jpg\" alt=\"\" width=\"500\" height=\"562\" srcset=\"https:\/\/www.mrc-longwy.fr\/wp-content\/uploads\/2013\/08\/IMG_0529-911x1024.jpg 911w, https:\/\/www.mrc-longwy.fr\/wp-content\/uploads\/2013\/08\/IMG_0529-267x300.jpg 267w, https:\/\/www.mrc-longwy.fr\/wp-content\/uploads\/2013\/08\/IMG_0529.jpg 2012w\" sizes=\"auto, (max-width: 500px) 100vw, 500px\" \/><\/a><p id=\"caption-attachment-640\" class=\"wp-caption-text\">3. VERDAN Antoine- 1. CARPANO Patrice- 2.CRUZ Emilie<\/p><\/div>\n<p>Les finalistes A Standard 13.5:<\/p>\n<p><a href=\"http:\/\/www.mrc-longwy.fr\/wp-content\/uploads\/2013\/08\/IMG_0525.jpg\"><img loading=\"lazy\" decoding=\"async\" class=\"aligncenter size-medium wp-image-641\" title=\"IMG_0525\" src=\"http:\/\/www.mrc-longwy.fr\/wp-content\/uploads\/2013\/08\/IMG_0525-300x197.jpg\" alt=\"\" width=\"300\" height=\"197\" srcset=\"https:\/\/www.mrc-longwy.fr\/wp-content\/uploads\/2013\/08\/IMG_0525-300x197.jpg 300w, https:\/\/www.mrc-longwy.fr\/wp-content\/uploads\/2013\/08\/IMG_0525-1024x672.jpg 1024w\" sizes=\"auto, (max-width: 300px) 100vw, 300px\" \/><\/a><\/p>\n<p>Cat\u00e9gorie STANDARD 10.5 (STOCK)<\/p>\n<p>4 pilotes du MRC LONGWY concouraient dans cette cat\u00e9gorie qui comptait 33 participants<\/p>\n<p>4. THOMASSIN K\u00e9vin<\/p>\n<p>5. LEHMANN Valentin<\/p>\n<p>11. PICAUDE Mathieu<\/p>\n<p>13. LAZARZ Maxime<\/p>\n<div id=\"attachment_642\" style=\"width: 510px\" class=\"wp-caption aligncenter\"><a href=\"http:\/\/www.mrc-longwy.fr\/wp-content\/uploads\/2013\/08\/IMG_0534.jpg\"><img loading=\"lazy\" decoding=\"async\" aria-describedby=\"caption-attachment-642\" class=\"size-large wp-image-642\" title=\"IMG_0534\" src=\"http:\/\/www.mrc-longwy.fr\/wp-content\/uploads\/2013\/08\/IMG_0534-857x1024.jpg\" alt=\"\" width=\"500\" height=\"597\" srcset=\"https:\/\/www.mrc-longwy.fr\/wp-content\/uploads\/2013\/08\/IMG_0534-857x1024.jpg 857w, https:\/\/www.mrc-longwy.fr\/wp-content\/uploads\/2013\/08\/IMG_0534-251x300.jpg 251w, https:\/\/www.mrc-longwy.fr\/wp-content\/uploads\/2013\/08\/IMG_0534.jpg 1920w\" sizes=\"auto, (max-width: 500px) 100vw, 500px\" \/><\/a><p id=\"caption-attachment-642\" class=\"wp-caption-text\">3. JOST Julien- 1. DELORME Jean &#8211; 2. NARDEUX Ludovic<\/p><\/div>\n<p>Les finalistes:<\/p>\n<p><a href=\"http:\/\/www.mrc-longwy.fr\/wp-content\/uploads\/2013\/08\/IMG_0530.jpg\"><img loading=\"lazy\" decoding=\"async\" class=\"aligncenter size-medium wp-image-643\" title=\"IMG_0530\" src=\"http:\/\/www.mrc-longwy.fr\/wp-content\/uploads\/2013\/08\/IMG_0530-300x172.jpg\" alt=\"\" width=\"300\" height=\"172\" srcset=\"https:\/\/www.mrc-longwy.fr\/wp-content\/uploads\/2013\/08\/IMG_0530-300x172.jpg 300w, https:\/\/www.mrc-longwy.fr\/wp-content\/uploads\/2013\/08\/IMG_0530-1024x587.jpg 1024w\" sizes=\"auto, (max-width: 300px) 100vw, 300px\" \/><\/a>Cat\u00e9gorie MODIFIE:<\/p>\n<p>5 pilotes dans cette cat\u00e9gorie et on notera encore une nouvelle victoire de Loic JASMIN!!<\/p>\n<p>Pour les pilotes du club, on notera que les 5 pilotes se classeront dans les 11 premiers sur les 23 participants.<\/p>\n<p>1. JASMIN Loic<\/p>\n<p>3. JASMIN Mika<\/p>\n<p>6. URBAIN Lucas<\/p>\n<p>8. WAGNER Manu<\/p>\n<p>11. SCHWENDIMANN Nicolas<\/p>\n<div id=\"attachment_644\" style=\"width: 510px\" class=\"wp-caption aligncenter\"><a href=\"http:\/\/www.mrc-longwy.fr\/wp-content\/uploads\/2013\/08\/IMG_0539.jpg\"><img loading=\"lazy\" decoding=\"async\" aria-describedby=\"caption-attachment-644\" class=\"size-large wp-image-644\" title=\"IMG_0539\" src=\"http:\/\/www.mrc-longwy.fr\/wp-content\/uploads\/2013\/08\/IMG_0539-826x1024.jpg\" alt=\"\" width=\"500\" height=\"619\" srcset=\"https:\/\/www.mrc-longwy.fr\/wp-content\/uploads\/2013\/08\/IMG_0539-826x1024.jpg 826w, https:\/\/www.mrc-longwy.fr\/wp-content\/uploads\/2013\/08\/IMG_0539-242x300.jpg 242w\" sizes=\"auto, (max-width: 500px) 100vw, 500px\" \/><\/a><p id=\"caption-attachment-644\" class=\"wp-caption-text\">3. JASMIN Mika- 1. JASMIN Loic- 2. N&rsquo;DIAYE Cyril<\/p><\/div>\n<p>Les finalistes:<\/p>\n<p><a href=\"http:\/\/www.mrc-longwy.fr\/wp-content\/uploads\/2013\/08\/IMG_0538.jpg\"><img loading=\"lazy\" decoding=\"async\" class=\"aligncenter size-medium wp-image-645\" title=\"IMG_0538\" src=\"http:\/\/www.mrc-longwy.fr\/wp-content\/uploads\/2013\/08\/IMG_0538-300x204.jpg\" alt=\"\" width=\"300\" height=\"204\" srcset=\"https:\/\/www.mrc-longwy.fr\/wp-content\/uploads\/2013\/08\/IMG_0538-300x204.jpg 300w, https:\/\/www.mrc-longwy.fr\/wp-content\/uploads\/2013\/08\/IMG_0538-1024x697.jpg 1024w\" sizes=\"auto, (max-width: 300px) 100vw, 300px\" \/><\/a><\/p>\n<p>Pour finir, de tr\u00e8s bon r\u00e9sultats pour tout les membres du club. Un grand merci aux membres du club de Besan\u00e7on pour leur accueil et leur gentillesse.<\/p>\n<p>Bref un tr\u00e8s bon week-end de course comme on les aime.<\/p>\n","protected":false},"excerpt":{"rendered":"<p>Le week-end du 24 et 25 Aout 2013 s&rsquo;est tenu la Coupe de France piste 1\/10 \u00e0 Besan\u00e7on (25). Plus de 75 pilotes se sont donn\u00e9s rendez-vous sur cette superbe piste tr\u00e8s exigeante niveau motorisation. Encore de tr\u00e8s bon r\u00e9sultats [&hellip;] <a class=\"more-link\" href=\"https:\/\/www.mrc-longwy.fr\/?p=639\">&darr; Read the rest of this entry&#8230;<\/a><\/p>\n","protected":false},"author":4,"featured_media":0,"comment_status":"open","ping_status":"open","sticky":false,"template":"","format":"standard","meta":{"footnotes":""},"categories":[1],"tags":[],"class_list":["post-639","post","type-post","status-publish","format-standard","hentry","category-non-classe","uentry","postonpage-1","odd","post-author-mika"],"_links":{"self":[{"href":"https:\/\/www.mrc-longwy.fr\/index.php?rest_route=\/wp\/v2\/posts\/639","targetHints":{"allow":["GET"]}}],"collection":[{"href":"https:\/\/www.mrc-longwy.fr\/index.php?rest_route=\/wp\/v2\/posts"}],"about":[{"href":"https:\/\/www.mrc-longwy.fr\/index.php?rest_route=\/wp\/v2\/types\/post"}],"author":[{"embeddable":true,"href":"https:\/\/www.mrc-longwy.fr\/index.php?rest_route=\/wp\/v2\/users\/4"}],"replies":[{"embeddable":true,"href":"https:\/\/www.mrc-longwy.fr\/index.php?rest_route=%2Fwp%2Fv2%2Fcomments&post=639"}],"version-history":[{"count":1,"href":"https:\/\/www.mrc-longwy.fr\/index.php?rest_route=\/wp\/v2\/posts\/639\/revisions"}],"predecessor-version":[{"id":646,"href":"https:\/\/www.mrc-longwy.fr\/index.php?rest_route=\/wp\/v2\/posts\/639\/revisions\/646"}],"wp:attachment":[{"href":"https:\/\/www.mrc-longwy.fr\/index.php?rest_route=%2Fwp%2Fv2%2Fmedia&parent=639"}],"wp:term":[{"taxonomy":"category","embeddable":true,"href":"https:\/\/www.mrc-longwy.fr\/index.php?rest_route=%2Fwp%2Fv2%2Fcategories&post=639"},{"taxonomy":"post_tag","embeddable":true,"href":"https:\/\/www.mrc-longwy.fr\/index.php?rest_route=%2Fwp%2Fv2%2Ftags&post=639"}],"curies":[{"name":"wp","href":"https:\/\/api.w.org\/{rel}","templated":true}]}}