{"id":496,"date":"2012-10-18T12:47:30","date_gmt":"2012-10-18T10:47:30","guid":{"rendered":"http:\/\/www.mrc-longwy.fr\/?p=496"},"modified":"2012-10-18T12:49:24","modified_gmt":"2012-10-18T10:49:24","slug":"grand-prix-des-3-frontieres-2012","status":"publish","type":"post","link":"https:\/\/www.mrc-longwy.fr\/?p=496","title":{"rendered":"Grand Prix des 3 Fronti\u00e8res 2012"},"content":{"rendered":"<p><a href=\"http:\/\/www.mrc-longwy.fr\/wp-content\/uploads\/2012\/10\/Affiche-gp3f-2012-3-2.jpg\"><img loading=\"lazy\" decoding=\"async\" class=\"aligncenter size-large wp-image-493\" title=\"Affiche-gp3f-2012-3 (2)\" src=\"http:\/\/www.mrc-longwy.fr\/wp-content\/uploads\/2012\/10\/Affiche-gp3f-2012-3-2-726x1024.jpg\" alt=\"\" width=\"500\" height=\"705\" srcset=\"https:\/\/www.mrc-longwy.fr\/wp-content\/uploads\/2012\/10\/Affiche-gp3f-2012-3-2-726x1024.jpg 726w, https:\/\/www.mrc-longwy.fr\/wp-content\/uploads\/2012\/10\/Affiche-gp3f-2012-3-2-212x300.jpg 212w\" sizes=\"auto, (max-width: 500px) 100vw, 500px\" \/><\/a><\/p>\n<p>Le MRC LONGWY est heureux de vous annoncer la 9\u00e8me \u00e9dition de son GP3F qui aura lieu les 15&amp;16 D\u00e9cembre 2012 \u00e0 Longwy (France, fronti\u00e8res Belge et Luxembourgeoise).<\/p>\n<h4>Les inscriptions ouvriront mercredi 24 octobre \u00e0 11h00.<\/h4>\n<p>Plus d&rsquo;information sur la course <a href=\"http:\/\/www.mrc-longwy.fr\/?page_id=44\">ICI<\/a><\/p>\n<p style=\"text-align: center;\">&#8212;&#8212;&#8212;&#8212;&#8212;&#8212;&#8212;&#8212;&#8212;&#8212;&#8212;-<\/p>\n<p style=\"text-align: left;\">The MRC Longwy is proud to bring to you the 9th edition of the GP3F, which will be held on the 15th and 16th of December 2012 in Longwy, France (Luxemburger and Belgium border crossroads).<\/p>\n<h4 style=\"text-align: left;\">Registration will be opened wednesday 24th of october at 11:00.<\/h4>\n<p style=\"text-align: left;\">More information about the race <a href=\"http:\/\/www.mrc-longwy.fr\/?page_id=151\">HERE<\/a><\/p>\n","protected":false},"excerpt":{"rendered":"<p>Le MRC LONGWY est heureux de vous annoncer la 9\u00e8me \u00e9dition de son GP3F qui aura lieu les 15&amp;16 D\u00e9cembre 2012 \u00e0 Longwy (France, fronti\u00e8res Belge et Luxembourgeoise). Les inscriptions ouvriront mercredi 24 octobre \u00e0 11h00. Plus d&rsquo;information sur la [&hellip;] <a class=\"more-link\" href=\"https:\/\/www.mrc-longwy.fr\/?p=496\">&darr; Read the rest of this entry&#8230;<\/a><\/p>\n","protected":false},"author":1,"featured_media":0,"comment_status":"open","ping_status":"open","sticky":false,"template":"","format":"standard","meta":{"footnotes":""},"categories":[5],"tags":[],"class_list":["post-496","post","type-post","status-publish","format-standard","hentry","category-gp3f","uentry","postonpage-1","odd","post-author-admin"],"_links":{"self":[{"href":"https:\/\/www.mrc-longwy.fr\/index.php?rest_route=\/wp\/v2\/posts\/496","targetHints":{"allow":["GET"]}}],"collection":[{"href":"https:\/\/www.mrc-longwy.fr\/index.php?rest_route=\/wp\/v2\/posts"}],"about":[{"href":"https:\/\/www.mrc-longwy.fr\/index.php?rest_route=\/wp\/v2\/types\/post"}],"author":[{"embeddable":true,"href":"https:\/\/www.mrc-longwy.fr\/index.php?rest_route=\/wp\/v2\/users\/1"}],"replies":[{"embeddable":true,"href":"https:\/\/www.mrc-longwy.fr\/index.php?rest_route=%2Fwp%2Fv2%2Fcomments&post=496"}],"version-history":[{"count":7,"href":"https:\/\/www.mrc-longwy.fr\/index.php?rest_route=\/wp\/v2\/posts\/496\/revisions"}],"predecessor-version":[{"id":502,"href":"https:\/\/www.mrc-longwy.fr\/index.php?rest_route=\/wp\/v2\/posts\/496\/revisions\/502"}],"wp:attachment":[{"href":"https:\/\/www.mrc-longwy.fr\/index.php?rest_route=%2Fwp%2Fv2%2Fmedia&parent=496"}],"wp:term":[{"taxonomy":"category","embeddable":true,"href":"https:\/\/www.mrc-longwy.fr\/index.php?rest_route=%2Fwp%2Fv2%2Fcategories&post=496"},{"taxonomy":"post_tag","embeddable":true,"href":"https:\/\/www.mrc-longwy.fr\/index.php?rest_route=%2Fwp%2Fv2%2Ftags&post=496"}],"curies":[{"name":"wp","href":"https:\/\/api.w.org\/{rel}","templated":true}]}}