{"id":436,"date":"2012-07-31T08:30:59","date_gmt":"2012-07-31T06:30:59","guid":{"rendered":"http:\/\/www.mrc-longwy.fr\/?p=436"},"modified":"2012-07-31T08:33:58","modified_gmt":"2012-07-31T06:33:58","slug":"6th-place-au-championnat-du-monde-a-heemstede-pour-loic-jasmin","status":"publish","type":"post","link":"https:\/\/www.mrc-longwy.fr\/?p=436","title":{"rendered":"6th Place au Championnat du Monde \u00e0 Heemstede pour Loic JASMIN"},"content":{"rendered":"<p>LOIC JASMIN , pilote du MRC LONGWY se classe 6\u00e8me des Championnats du Monde qui s&rsquo;est d\u00e9roul\u00e9 \u00e0 Heemstede (NL) du 25 au 28 Aout.<\/p>\n<p>Tout le MRC LONGWY est tr\u00e8s fier de son pilote. Apr\u00e8s de nombreux titres nationaux, 2 finales europ\u00e9ennes , Loic concr\u00e9tise avec ce superbe r\u00e9sultat. A noter que c&rsquo;est la premi\u00e8re fois qu&rsquo;un fran\u00e7ais se hisse \u00e0 ce niveau dans cette cat\u00e9gorie. Une belle r\u00e9compense pour lui et aussi pour tout le club.<\/p>\n<p>On notera \u00e9galement la belle place de Lucas URBAIN (MRC LONGWY) qui se classera \u00e0 la 27\u00e8me place et la 110\u00e9me place de notre Juju GALINEAU , Mr le Tr\u00e9sorier\u00a0 &#8230;.<\/p>\n<p><em>Overall Result<\/em><br \/>\n1. Jilles Groskamp (NL) \u2013 Tamiya\/Orion \u2013 19 pts<br \/>\n2. Atsushi Hara (JP) \u2013 HB\/Reedy \u2013 19<br \/>\n3. Ronald V\u00f6lker (DE) \u2013 Yokomo\/LRP \u2013 17<br \/>\n4. Naoto Matsukura (JP) \u2013 Yokomo\/Nosram \u2013 17<br \/>\n5. Viktor Wilck (SE) \u2013 Tamiya\/Thunder Power \u2013 16<br \/>\n<strong>6. Lo\u00efc Jasmin (FR)<\/strong> \u2013 Yokomo\/LRP \u2013 12<br \/>\n7. Christopher Krapp (DE) \u2013 Kyosho\/Orion \u2013 10<br \/>\n8. Andy Moore (GB) \u2013 HB\/Hobbywing \u2013 10<br \/>\n9. Chris Grainger (GB) \u2013 Schumacher\/GM \u2013 9<br \/>\n10.Marc Rheinard (DE) \u2013 Tamiya\/Speedpassion \u2013 9<\/p>\n<p>Toutes les r\u00e9sultats sont visibles sur <a href=\"http:\/\/myrcm.ch\">www.myrcm.ch<\/a><\/p>\n<p>Photos et reportage sur <a href=\"http:\/\/redrc.net\">www.redrc.net<\/a><\/p>\n<p style=\"text-align: center;\"><a href=\"http:\/\/www.mrc-longwy.fr\/wp-content\/uploads\/2012\/07\/sat-grid-8.jpg\"><img loading=\"lazy\" decoding=\"async\" class=\" wp-image-439 aligncenter\" title=\"sat-grid-8\" src=\"http:\/\/www.mrc-longwy.fr\/wp-content\/uploads\/2012\/07\/sat-grid-8.jpg\" alt=\"\" width=\"600\" height=\"382\" srcset=\"https:\/\/www.mrc-longwy.fr\/wp-content\/uploads\/2012\/07\/sat-grid-8.jpg 1000w, https:\/\/www.mrc-longwy.fr\/wp-content\/uploads\/2012\/07\/sat-grid-8-300x190.jpg 300w\" sizes=\"auto, (max-width: 600px) 100vw, 600px\" \/><\/a><a href=\"http:\/\/www.mrc-longwy.fr\/wp-content\/uploads\/2012\/07\/549573_10150970242381762_377643614_n.jpg\"><img loading=\"lazy\" decoding=\"async\" class=\"aligncenter  wp-image-440\" title=\"549573_10150970242381762_377643614_n\" src=\"http:\/\/www.mrc-longwy.fr\/wp-content\/uploads\/2012\/07\/549573_10150970242381762_377643614_n.jpg\" alt=\"\" width=\"432\" height=\"576\" srcset=\"https:\/\/www.mrc-longwy.fr\/wp-content\/uploads\/2012\/07\/549573_10150970242381762_377643614_n.jpg 720w, https:\/\/www.mrc-longwy.fr\/wp-content\/uploads\/2012\/07\/549573_10150970242381762_377643614_n-225x300.jpg 225w\" sizes=\"auto, (max-width: 432px) 100vw, 432px\" \/><\/a><\/p>\n<p style=\"text-align: center;\"><a href=\"http:\/\/www.mrc-longwy.fr\/wp-content\/uploads\/2012\/07\/sat-presentation-2.jpg\"><img loading=\"lazy\" decoding=\"async\" class=\"aligncenter  wp-image-437\" title=\"sat-presentation-2\" src=\"http:\/\/www.mrc-longwy.fr\/wp-content\/uploads\/2012\/07\/sat-presentation-2.jpg\" alt=\"\" width=\"600\" height=\"369\" srcset=\"https:\/\/www.mrc-longwy.fr\/wp-content\/uploads\/2012\/07\/sat-presentation-2.jpg 1000w, https:\/\/www.mrc-longwy.fr\/wp-content\/uploads\/2012\/07\/sat-presentation-2-300x184.jpg 300w\" sizes=\"auto, (max-width: 600px) 100vw, 600px\" \/><\/a>Victoire de Jilles GROSKAMP(NL) devant Atsuchi HARA(JP) et Ronald VOLKER (DE)<\/p>\n<p style=\"text-align: center;\"><a href=\"http:\/\/www.mrc-longwy.fr\/wp-content\/uploads\/2012\/07\/sat-winners-2.jpg\"><img loading=\"lazy\" decoding=\"async\" class=\"aligncenter  wp-image-438\" title=\"sat-winners-2\" src=\"http:\/\/www.mrc-longwy.fr\/wp-content\/uploads\/2012\/07\/sat-winners-2.jpg\" alt=\"\" width=\"600\" height=\"353\" srcset=\"https:\/\/www.mrc-longwy.fr\/wp-content\/uploads\/2012\/07\/sat-winners-2.jpg 1000w, https:\/\/www.mrc-longwy.fr\/wp-content\/uploads\/2012\/07\/sat-winners-2-300x176.jpg 300w\" sizes=\"auto, (max-width: 600px) 100vw, 600px\" \/><\/a><\/p>\n","protected":false},"excerpt":{"rendered":"<p>LOIC JASMIN , pilote du MRC LONGWY se classe 6\u00e8me des Championnats du Monde qui s&rsquo;est d\u00e9roul\u00e9 \u00e0 Heemstede (NL) du 25 au 28 Aout. Tout le MRC LONGWY est tr\u00e8s fier de son pilote. Apr\u00e8s de nombreux titres nationaux, [&hellip;] <a class=\"more-link\" href=\"https:\/\/www.mrc-longwy.fr\/?p=436\">&darr; Read the rest of this entry&#8230;<\/a><\/p>\n","protected":false},"author":4,"featured_media":0,"comment_status":"open","ping_status":"open","sticky":false,"template":"","format":"standard","meta":{"footnotes":""},"categories":[1],"tags":[],"class_list":["post-436","post","type-post","status-publish","format-standard","hentry","category-non-classe","uentry","postonpage-1","odd","post-author-mika"],"_links":{"self":[{"href":"https:\/\/www.mrc-longwy.fr\/index.php?rest_route=\/wp\/v2\/posts\/436","targetHints":{"allow":["GET"]}}],"collection":[{"href":"https:\/\/www.mrc-longwy.fr\/index.php?rest_route=\/wp\/v2\/posts"}],"about":[{"href":"https:\/\/www.mrc-longwy.fr\/index.php?rest_route=\/wp\/v2\/types\/post"}],"author":[{"embeddable":true,"href":"https:\/\/www.mrc-longwy.fr\/index.php?rest_route=\/wp\/v2\/users\/4"}],"replies":[{"embeddable":true,"href":"https:\/\/www.mrc-longwy.fr\/index.php?rest_route=%2Fwp%2Fv2%2Fcomments&post=436"}],"version-history":[{"count":3,"href":"https:\/\/www.mrc-longwy.fr\/index.php?rest_route=\/wp\/v2\/posts\/436\/revisions"}],"predecessor-version":[{"id":444,"href":"https:\/\/www.mrc-longwy.fr\/index.php?rest_route=\/wp\/v2\/posts\/436\/revisions\/444"}],"wp:attachment":[{"href":"https:\/\/www.mrc-longwy.fr\/index.php?rest_route=%2Fwp%2Fv2%2Fmedia&parent=436"}],"wp:term":[{"taxonomy":"category","embeddable":true,"href":"https:\/\/www.mrc-longwy.fr\/index.php?rest_route=%2Fwp%2Fv2%2Fcategories&post=436"},{"taxonomy":"post_tag","embeddable":true,"href":"https:\/\/www.mrc-longwy.fr\/index.php?rest_route=%2Fwp%2Fv2%2Ftags&post=436"}],"curies":[{"name":"wp","href":"https:\/\/api.w.org\/{rel}","templated":true}]}}