{"id":357,"date":"2012-03-29T11:33:11","date_gmt":"2012-03-29T09:33:11","guid":{"rendered":"http:\/\/www.mrc-longwy.fr\/?p=357"},"modified":"2012-03-31T14:35:43","modified_gmt":"2012-03-31T12:35:43","slug":"reportage-championnat-de-france-a-zillisheim-le-1718-mars-2012","status":"publish","type":"post","link":"https:\/\/www.mrc-longwy.fr\/?p=357","title":{"rendered":"Reportage Championnat de France \u00e0 Zillisheim le 17\/18 Mars 2012"},"content":{"rendered":"<p><a href=\"http:\/\/www.mrc-longwy.fr\/wp-content\/uploads\/2012\/03\/affiche-presentation-reportage.png\"><img loading=\"lazy\" decoding=\"async\" class=\"aligncenter  wp-image-361\" title=\"affiche presentation reportage\" src=\"http:\/\/www.mrc-longwy.fr\/wp-content\/uploads\/2012\/03\/affiche-presentation-reportage-1024x685.png\" alt=\"\" width=\"709\" height=\"473\" srcset=\"https:\/\/www.mrc-longwy.fr\/wp-content\/uploads\/2012\/03\/affiche-presentation-reportage-1024x685.png 1024w, https:\/\/www.mrc-longwy.fr\/wp-content\/uploads\/2012\/03\/affiche-presentation-reportage-300x200.png 300w, https:\/\/www.mrc-longwy.fr\/wp-content\/uploads\/2012\/03\/affiche-presentation-reportage.png 1725w\" sizes=\"auto, (max-width: 709px) 100vw, 709px\" \/><\/a><\/p>\n<p>Pour la premi\u00e8re manche du championnat de France, les pilotes avaient rendez-vous \u00e0 Zillisheim ( Alsace) le week-end du 17 et 18 Mars. Le club organisateur, le SAM, habitu\u00e9 de ce genre de manifestation ne nous a pas d\u00e9\u00e7u une fois de plus car tout avait \u00e9t\u00e9 pr\u00e9vu pour recevoir les participants au mieux.<\/p>\n<p>En effet sous la houlette de son pr\u00e9sident, Laurent Mille, et de nombreux b\u00e9n\u00e9voles, le SAM nous a propos\u00e9 une belle course avec, entre autre, une belle salle avec une moquette neuve, une buvette au top, un contr\u00f4le technique s\u00e9rieux, bref que du bon.<\/p>\n<h4><span style=\"text-decoration: underline; color: #0000ff;\"><span style=\"text-decoration: underline;\">La participation:<\/span><\/span><\/h4>\n<p>Alors malheureusement seulement 46 pilotes avaient fait le d\u00e9placement avec une r\u00e9partition un peu diff\u00e9rente dans les 2 cat\u00e9gories par rapport aux ann\u00e9es pr\u00e9c\u00e9dentes car on avait 27 pilotes en Modifi\u00e9 et 19 en Stock.<\/p>\n<p>La principale raison \u00e0 ce changement de r\u00e9partition est d\u00fb au fait de l&rsquo;apparition du timing 0 dans la cat\u00e9gorie Stock ce qui a refroidi les pilotes habituels de cette cat\u00e9gorie. Mais dans une salle et donc sur une petite piste, la diff\u00e9rence de puissance ne se voyait absolument pas&#8230; Attendons de voir ce que \u00e7a dit mais je pense que \u00e7a va nous donner de tr\u00e8s belles courses&#8230;<\/p>\n<h4><span style=\"text-decoration: underline;\"><span style=\"color: #0000ff; text-decoration: underline;\">Le d\u00e9roulement du week-end:<\/span><\/span><\/h4>\n<p>La salle ouvrit ses portes le samedi \u00e0 partir de 7h00. Le timing, pour cette premi\u00e8re manche, avait \u00e9t\u00e9 modifi\u00e9 et nous a permis de rouler un maximum. En effet d\u00e8s 8h30, 4 manches d&rsquo;essais chronom\u00e9tr\u00e9es par s\u00e9rie \u00e9taient au programme. Vers 12h30 une pause et d\u00e8s 13h30, le d\u00e9but des 4 manches de qualifications. Vers 19h00, la piste fut ouverte jusqu\u2019\u00e0 21h00 pour des essais libres, belle initiative car le manque de roulage \u00e9tait un point \u00ab\u00a0noir\u00a0\u00bb qui ressortait les ann\u00e9es pr\u00e9c\u00e9dentes.<\/p>\n<p>Le dimanche, la salle ouvrit \u00e0 7h00 et laissa encore la possibilit\u00e9 de rouler en essais libres jusqu&rsquo;\u00e0 9h00. A la suite, une manche d&rsquo;essais contr\u00f4l\u00e9s par s\u00e9rie et enfin la derni\u00e8re manche de qualification.<\/p>\n<p>Le d\u00e9but des finales se fera vers 12h30 pour se terminer vers 16h00.<\/p>\n<h4><span style=\"text-decoration: underline;\"><span style=\"color: #0000ff; text-decoration: underline;\">La piste:<\/span><\/span><\/h4>\n<p><a title=\"\" href=\"http:\/\/www.mrc-longwy.fr\/wp-content\/flagallery\/cf-zillisheim-2012\/dsc_7808.jpg\"><img decoding=\"async\" class=\"flag-singlepic flag-left\" src=\"http:\/\/www.mrc-longwy.fr\/wp-content\/flagallery\/cf-zillisheim-2012\/thumbs\/thumbs_dsc_7808.jpg\" alt=\"\" align=\"left\" \/><\/a><a title=\"\" href=\"http:\/\/www.mrc-longwy.fr\/wp-content\/flagallery\/cf-zillisheim-2012\/dsc_7809.jpg\"><img decoding=\"async\" class=\"flag-singlepic flag-none\" src=\"http:\/\/www.mrc-longwy.fr\/wp-content\/flagallery\/cf-zillisheim-2012\/thumbs\/thumbs_dsc_7809.jpg\" alt=\"\" align=\"none\" \/><\/a><a title=\"\" href=\"http:\/\/www.mrc-longwy.fr\/wp-content\/flagallery\/cf-zillisheim-2012\/dsc_7810.jpg\"><img loading=\"lazy\" decoding=\"async\" class=\"flag-singlepic flag-none\" src=\"http:\/\/www.mrc-longwy.fr\/wp-content\/flagallery\/cf-zillisheim-2012\/thumbs\/thumbs_dsc_7810.jpg\" alt=\"\" width=\"117\" height=\"101\" align=\"none\" \/><\/a><a title=\"\" href=\"http:\/\/www.mrc-longwy.fr\/wp-content\/flagallery\/cf-zillisheim-2012\/dsc_7811.jpg\"><img loading=\"lazy\" decoding=\"async\" class=\"flag-singlepic flag-none\" src=\"http:\/\/www.mrc-longwy.fr\/wp-content\/flagallery\/cf-zillisheim-2012\/thumbs\/thumbs_dsc_7811.jpg\" alt=\"\" width=\"112\" height=\"98\" align=\"none\" \/><\/a><\/p>\n<p>Le trac\u00e9 propos\u00e9 par le SAM s&rsquo;est r\u00e9v\u00e9l\u00e9 tr\u00e8s technique et un peu petit \u00e0 mon gout et le balisage en Road-rail ne laissait aucune place \u00e0 l\u2019approximation. Malgr\u00e9 \u00e7a, le grip \u00e9tait bon et n&rsquo;a fait que s&rsquo;am\u00e9liorer au cours du week-end. Malheureusement beaucoup de m\u00e9canique pour tout le monde pour ce week-end pelucheux&#8230; La moquette donna beaucoup de travail \u00e0 tous les pilotes car \u00e9tant neuve, on r\u00e9cup\u00e9rait \u00e9norm\u00e9ment de \u00ab\u00a0poils\u00a0\u00bb dans les cardans ainsi que dans les divers roulements. Bref beaucoup de travail, et pas beaucoup de temps pour la d\u00e9connade&#8230;quoique \ud83d\ude42<\/p>\n<h4><span style=\"text-decoration: underline;\"><span style=\"color: #0000ff; text-decoration: underline;\">Les chassis:<\/span><\/span><\/h4>\n<p>Alors\u00a0 ce we une majorit\u00e9 de Xray T3 2011 et 2012, vient ensuite, les YOKOMO BD5 en version WX. Ensuite quelques Serpent S411 et quelques AWESOMATIX. On a pu voir aussi des SCHUMACHER MI4X lp aux mains des fr\u00e8res DELORME et enfin quelques HOTBODIES TCX. Alors par contre aucune TAMIYA pr\u00e9sentes&#8230;&#8230;ah mode quand tu nous tiens&#8230; \ud83d\ude09<\/p>\n<p><em><span style=\"color: #0000ff;\">L&rsquo;AWESOMATIX d&rsquo;HUGO RAGAUT:<\/span><\/em><\/p>\n<p><a href=\"http:\/\/www.mrc-longwy.fr\/wp-content\/uploads\/2012\/03\/DSC_7781.jpg\"><img loading=\"lazy\" decoding=\"async\" class=\"alignleft size-medium wp-image-362\" title=\"DSC_7781\" src=\"http:\/\/www.mrc-longwy.fr\/wp-content\/uploads\/2012\/03\/DSC_7781-300x153.jpg\" alt=\"\" width=\"300\" height=\"153\" srcset=\"https:\/\/www.mrc-longwy.fr\/wp-content\/uploads\/2012\/03\/DSC_7781-300x153.jpg 300w, https:\/\/www.mrc-longwy.fr\/wp-content\/uploads\/2012\/03\/DSC_7781-1024x524.jpg 1024w\" sizes=\"auto, (max-width: 300px) 100vw, 300px\" \/><\/a><a href=\"http:\/\/www.mrc-longwy.fr\/wp-content\/uploads\/2012\/03\/DSC_7782.jpg\"><img loading=\"lazy\" decoding=\"async\" class=\"alignleft size-medium wp-image-363\" title=\"DSC_7782\" src=\"http:\/\/www.mrc-longwy.fr\/wp-content\/uploads\/2012\/03\/DSC_7782-300x200.jpg\" alt=\"\" width=\"300\" height=\"200\" srcset=\"https:\/\/www.mrc-longwy.fr\/wp-content\/uploads\/2012\/03\/DSC_7782-300x200.jpg 300w, https:\/\/www.mrc-longwy.fr\/wp-content\/uploads\/2012\/03\/DSC_7782-1024x685.jpg 1024w\" sizes=\"auto, (max-width: 300px) 100vw, 300px\" \/><\/a><a href=\"http:\/\/www.mrc-longwy.fr\/wp-content\/uploads\/2012\/03\/DSC_7783.jpg\"><img loading=\"lazy\" decoding=\"async\" class=\"alignleft size-medium wp-image-364\" title=\"DSC_7783\" src=\"http:\/\/www.mrc-longwy.fr\/wp-content\/uploads\/2012\/03\/DSC_7783-300x200.jpg\" alt=\"\" width=\"300\" height=\"200\" srcset=\"https:\/\/www.mrc-longwy.fr\/wp-content\/uploads\/2012\/03\/DSC_7783-300x200.jpg 300w, https:\/\/www.mrc-longwy.fr\/wp-content\/uploads\/2012\/03\/DSC_7783-1024x685.jpg 1024w\" sizes=\"auto, (max-width: 300px) 100vw, 300px\" \/><\/a><\/p>\n<p>&nbsp;<\/p>\n<p>&nbsp;<\/p>\n<p>&nbsp;<\/p>\n<p>&nbsp;<\/p>\n<p>&nbsp;<\/p>\n<p>&nbsp;<\/p>\n<p>&nbsp;<\/p>\n<p>&nbsp;<\/p>\n<p>&nbsp;<\/p>\n<p>&nbsp;<\/p>\n<p>&nbsp;<\/p>\n<p>&nbsp;<\/p>\n<p>&nbsp;<\/p>\n<p>&nbsp;<\/p>\n<p>&nbsp;<\/p>\n<p>&nbsp;<\/p>\n<p>&nbsp;<\/p>\n<p>&nbsp;<\/p>\n<p>&nbsp;<\/p>\n<p>&nbsp;<\/p>\n<p>&nbsp;<\/p>\n<p>&nbsp;<\/p>\n<p>&nbsp;<\/p>\n<p><em><span style=\"color: #0000ff;\">L&rsquo;XRAY T3 2012 de MATHIAS RASCOL:<\/span><\/em><\/p>\n<p><a href=\"http:\/\/www.mrc-longwy.fr\/wp-content\/uploads\/2012\/03\/DSC_7816.jpg\"><img loading=\"lazy\" decoding=\"async\" class=\"alignleft size-medium wp-image-365\" title=\"DSC_7816\" src=\"http:\/\/www.mrc-longwy.fr\/wp-content\/uploads\/2012\/03\/DSC_7816-188x300.jpg\" alt=\"\" width=\"188\" height=\"300\" srcset=\"https:\/\/www.mrc-longwy.fr\/wp-content\/uploads\/2012\/03\/DSC_7816-188x300.jpg 188w, https:\/\/www.mrc-longwy.fr\/wp-content\/uploads\/2012\/03\/DSC_7816-644x1024.jpg 644w\" sizes=\"auto, (max-width: 188px) 100vw, 188px\" \/><\/a><\/p>\n<p><a href=\"http:\/\/www.mrc-longwy.fr\/wp-content\/uploads\/2012\/03\/DSC_7817.jpg\"><img loading=\"lazy\" decoding=\"async\" class=\"alignleft  wp-image-366\" title=\"DSC_7817\" src=\"http:\/\/www.mrc-longwy.fr\/wp-content\/uploads\/2012\/03\/DSC_7817-300x200.jpg\" alt=\"\" width=\"300\" height=\"200\" srcset=\"https:\/\/www.mrc-longwy.fr\/wp-content\/uploads\/2012\/03\/DSC_7817-300x200.jpg 300w, https:\/\/www.mrc-longwy.fr\/wp-content\/uploads\/2012\/03\/DSC_7817-1024x685.jpg 1024w\" sizes=\"auto, (max-width: 300px) 100vw, 300px\" \/><\/a><\/p>\n<p>&nbsp;<\/p>\n<p>&nbsp;<\/p>\n<p>&nbsp;<\/p>\n<p>&nbsp;<\/p>\n<p>&nbsp;<\/p>\n<p>&nbsp;<\/p>\n<p><a href=\"http:\/\/www.mrc-longwy.fr\/wp-content\/uploads\/2012\/03\/DSC_7818.jpg\"><img loading=\"lazy\" decoding=\"async\" class=\"alignleft  wp-image-367\" title=\"DSC_7818\" src=\"http:\/\/www.mrc-longwy.fr\/wp-content\/uploads\/2012\/03\/DSC_7818-300x200.jpg\" alt=\"\" width=\"300\" height=\"200\" srcset=\"https:\/\/www.mrc-longwy.fr\/wp-content\/uploads\/2012\/03\/DSC_7818-300x200.jpg 300w, https:\/\/www.mrc-longwy.fr\/wp-content\/uploads\/2012\/03\/DSC_7818-1024x685.jpg 1024w\" sizes=\"auto, (max-width: 300px) 100vw, 300px\" \/><\/a><\/p>\n<p>&nbsp;<\/p>\n<p>&nbsp;<\/p>\n<p>&nbsp;<\/p>\n<p>&nbsp;<\/p>\n<p>&nbsp;<\/p>\n<p>&nbsp;<\/p>\n<p>&nbsp;<\/p>\n<p>&nbsp;<\/p>\n<p>&nbsp;<\/p>\n<p>&nbsp;<\/p>\n<p><span style=\"color: #0000ff;\"><em>La YOKOMO BD5 de LUCAS URBAIN:<\/em><\/span><\/p>\n<p><a href=\"http:\/\/www.mrc-longwy.fr\/wp-content\/uploads\/2012\/03\/DSC_7796.jpg\"><img loading=\"lazy\" decoding=\"async\" class=\"alignleft size-medium wp-image-370\" title=\"DSC_7796\" src=\"http:\/\/www.mrc-longwy.fr\/wp-content\/uploads\/2012\/03\/DSC_7796-210x300.jpg\" alt=\"\" width=\"210\" height=\"300\" srcset=\"https:\/\/www.mrc-longwy.fr\/wp-content\/uploads\/2012\/03\/DSC_7796-210x300.jpg 210w, https:\/\/www.mrc-longwy.fr\/wp-content\/uploads\/2012\/03\/DSC_7796-717x1024.jpg 717w\" sizes=\"auto, (max-width: 210px) 100vw, 210px\" \/><\/a><a href=\"http:\/\/www.mrc-longwy.fr\/wp-content\/uploads\/2012\/03\/DSC_7797.jpg\"><img loading=\"lazy\" decoding=\"async\" class=\"alignleft size-medium wp-image-371\" title=\"DSC_7797\" src=\"http:\/\/www.mrc-longwy.fr\/wp-content\/uploads\/2012\/03\/DSC_7797-300x222.jpg\" alt=\"\" width=\"300\" height=\"222\" srcset=\"https:\/\/www.mrc-longwy.fr\/wp-content\/uploads\/2012\/03\/DSC_7797-300x222.jpg 300w, https:\/\/www.mrc-longwy.fr\/wp-content\/uploads\/2012\/03\/DSC_7797-1024x758.jpg 1024w\" sizes=\"auto, (max-width: 300px) 100vw, 300px\" \/><\/a><\/p>\n<p>&nbsp;<\/p>\n<p>&nbsp;<\/p>\n<p>&nbsp;<\/p>\n<p>&nbsp;<\/p>\n<p>&nbsp;<\/p>\n<p>&nbsp;<\/p>\n<p>&nbsp;<\/p>\n<p>&nbsp;<\/p>\n<p>&nbsp;<\/p>\n<p>&nbsp;<\/p>\n<p>&nbsp;<\/p>\n<p>&nbsp;<\/p>\n<p><em><span style=\"color: #0000ff;\">La SERPENT S411 d&rsquo;ARNAUD SOULIGNAC:<\/span><\/em><\/p>\n<p><a href=\"http:\/\/www.mrc-longwy.fr\/wp-content\/uploads\/2012\/03\/DSC_7787.jpg\"><img loading=\"lazy\" decoding=\"async\" class=\"alignleft size-medium wp-image-372\" title=\"DSC_7787\" src=\"http:\/\/www.mrc-longwy.fr\/wp-content\/uploads\/2012\/03\/DSC_7787-300x200.jpg\" alt=\"\" width=\"300\" height=\"200\" srcset=\"https:\/\/www.mrc-longwy.fr\/wp-content\/uploads\/2012\/03\/DSC_7787-300x200.jpg 300w, https:\/\/www.mrc-longwy.fr\/wp-content\/uploads\/2012\/03\/DSC_7787-1024x685.jpg 1024w\" sizes=\"auto, (max-width: 300px) 100vw, 300px\" \/><\/a><a href=\"http:\/\/www.mrc-longwy.fr\/wp-content\/uploads\/2012\/03\/DSC_7788.jpg\"><img loading=\"lazy\" decoding=\"async\" class=\"alignleft size-medium wp-image-373\" title=\"DSC_7788\" src=\"http:\/\/www.mrc-longwy.fr\/wp-content\/uploads\/2012\/03\/DSC_7788-300x200.jpg\" alt=\"\" width=\"300\" height=\"200\" srcset=\"https:\/\/www.mrc-longwy.fr\/wp-content\/uploads\/2012\/03\/DSC_7788-300x200.jpg 300w, https:\/\/www.mrc-longwy.fr\/wp-content\/uploads\/2012\/03\/DSC_7788-1024x685.jpg 1024w\" sizes=\"auto, (max-width: 300px) 100vw, 300px\" \/><\/a><\/p>\n<p>&nbsp;<\/p>\n<p>&nbsp;<\/p>\n<p>&nbsp;<\/p>\n<p>&nbsp;<\/p>\n<p>&nbsp;<\/p>\n<p>&nbsp;<\/p>\n<h4><span style=\"color: #0000ff;\">Les Carros:<\/span><\/h4>\n<p>Pas de changement pour cette ann\u00e9e, c&rsquo;est toujours l\u2019ind\u00e9tr\u00f4nable Protoform Mazda Speed 6 en version Light avec l&rsquo;aileron \u00ab\u00a0dur\u00a0\u00bb de chez MR33.<\/p>\n<p><a href=\"http:\/\/www.mrc-longwy.fr\/wp-content\/uploads\/2012\/03\/DSC_7798.jpg\"><img loading=\"lazy\" decoding=\"async\" class=\"alignleft size-medium wp-image-368\" title=\"DSC_7798\" src=\"http:\/\/www.mrc-longwy.fr\/wp-content\/uploads\/2012\/03\/DSC_7798-300x200.jpg\" alt=\"\" width=\"300\" height=\"200\" srcset=\"https:\/\/www.mrc-longwy.fr\/wp-content\/uploads\/2012\/03\/DSC_7798-300x200.jpg 300w, https:\/\/www.mrc-longwy.fr\/wp-content\/uploads\/2012\/03\/DSC_7798-1024x685.jpg 1024w\" sizes=\"auto, (max-width: 300px) 100vw, 300px\" \/><\/a><a href=\"http:\/\/www.mrc-longwy.fr\/wp-content\/uploads\/2012\/03\/DSC_7768.jpg\"><img loading=\"lazy\" decoding=\"async\" class=\"alignleft size-medium wp-image-369\" title=\"DSC_7768\" src=\"http:\/\/www.mrc-longwy.fr\/wp-content\/uploads\/2012\/03\/DSC_7768-300x200.jpg\" alt=\"\" width=\"300\" height=\"200\" srcset=\"https:\/\/www.mrc-longwy.fr\/wp-content\/uploads\/2012\/03\/DSC_7768-300x200.jpg 300w, https:\/\/www.mrc-longwy.fr\/wp-content\/uploads\/2012\/03\/DSC_7768-1024x685.jpg 1024w\" sizes=\"auto, (max-width: 300px) 100vw, 300px\" \/><\/a><\/p>\n<p>&nbsp;<\/p>\n<p>&nbsp;<\/p>\n<p>&nbsp;<\/p>\n<p>&nbsp;<\/p>\n<p>&nbsp;<\/p>\n<p>&nbsp;<\/p>\n<p>Bon la carro blanche est un hommage \u00e0 la F1 et l&rsquo;abondance de l&rsquo;appui a\u00e9rodynamique&#8230;. ba \u00e7a marche presque bien&#8230; \ud83d\ude09<\/p>\n<h4><span style=\"text-decoration: underline;\"><span style=\"color: #0000ff; text-decoration: underline;\">Les pneus:<\/span><\/span><\/h4>\n<p>Alors cette ann\u00e9e nouveaux pneus pour tout le monde : les RIDES 36&#8230;. 1 seul train pour le we essais compris car ils s&rsquo;am\u00e9lioraient de pack en pack. Au niveau traitement rien de tr\u00e8s sp\u00e9cial avec du CS High Grip pour la majorit\u00e9 et sans chauffer. Par contre rodage sur la piste obligatoire !!<\/p>\n<h4><span style=\"text-decoration: underline; color: #0000ff;\">La course:<\/span><\/h4>\n<p>Aux termes des qualifications en stock :\u00a0 C&rsquo;est le jeune pilote R\u00e9mi CALLENS du club de Loos (59) qui obtient la p\u00f4le position. Seul au monde ce we, il laissa ses adversaires loin derri\u00e8re. Ses performances en qualification le pla\u00e7ait en milieu de grille en modified !!<\/p>\n<p><a href=\"http:\/\/www.mrc-longwy.fr\/wp-content\/uploads\/2012\/03\/tableau-stock1.png\"><img loading=\"lazy\" decoding=\"async\" class=\"aligncenter  wp-image-359\" title=\"tableau stock\" src=\"http:\/\/www.mrc-longwy.fr\/wp-content\/uploads\/2012\/03\/tableau-stock1-1024x695.png\" alt=\"\" width=\"876\" height=\"421\" \/><\/a><\/p>\n<p>En MODIFIE, c&rsquo;est le champion de France en titre, Lo\u00efc JASMIN qui dominera largement les d\u00e9bats. Seul son co\u00e9quipier Lucas URBAIN pourra le suivre. Derri\u00e8re on retrouve le pilote de l&rsquo;AMCM, Alex LAURENT sur sa nouvelle voiture (XRAY) qui se placera en 3\u00e9me position. On notera la belle 4\u00e9me place d&rsquo;Hugo RAGAUT sur son AWESOMATIX et la magnifique 5\u00e9me place de Manu WAGNER pour sa premi\u00e8re course en Modifi\u00e9.<\/p>\n<p><a href=\"http:\/\/www.mrc-longwy.fr\/wp-content\/uploads\/2012\/03\/tableau-modified1.png\"><img loading=\"lazy\" decoding=\"async\" class=\"alignleft  wp-image-375\" title=\"tableau modified\" src=\"http:\/\/www.mrc-longwy.fr\/wp-content\/uploads\/2012\/03\/tableau-modified1.png\" alt=\"\" width=\"862\" height=\"589\" srcset=\"https:\/\/www.mrc-longwy.fr\/wp-content\/uploads\/2012\/03\/tableau-modified1.png 1713w, https:\/\/www.mrc-longwy.fr\/wp-content\/uploads\/2012\/03\/tableau-modified1-300x205.png 300w, https:\/\/www.mrc-longwy.fr\/wp-content\/uploads\/2012\/03\/tableau-modified1-1024x701.png 1024w\" sizes=\"auto, (max-width: 862px) 100vw, 862px\" \/><\/a><\/p>\n<p><span style=\"text-decoration: underline; color: #0000ff;\">Le Film des Finales:<\/span><\/p>\n<p><em>En stock:<\/em><\/p>\n<p>Grosse bagarre avec un R\u00e9mi CALLENS survolt\u00e9 qui dominera largement ces finales, malgr\u00e9 une troisi\u00e8me place dans la 1\u00e8re manche suite \u00e0 quelques erreurs. C&rsquo;est le pilote parisien J\u00e9rome PERMENTIER qui s\u2019adjugera la victoire. Mais aux termes de F2 et F3, le jeune pilote du club de Loos, poleman, ne laissera aucune chance \u00e0 ses adversaires et remportera cette premi\u00e8re manche stock de la saison 2012.<\/p>\n<p>R\u00e9sultats STOCK:<\/p>\n<p><a href=\"http:\/\/www.mrc-longwy.fr\/wp-content\/uploads\/2012\/03\/DSC_7934.jpg\"><img loading=\"lazy\" decoding=\"async\" class=\"alignleft size-large wp-image-376\" title=\"DSC_7934\" src=\"http:\/\/www.mrc-longwy.fr\/wp-content\/uploads\/2012\/03\/DSC_7934-1024x685.jpg\" alt=\"\" width=\"540\" height=\"361\" srcset=\"https:\/\/www.mrc-longwy.fr\/wp-content\/uploads\/2012\/03\/DSC_7934-1024x685.jpg 1024w, https:\/\/www.mrc-longwy.fr\/wp-content\/uploads\/2012\/03\/DSC_7934-300x200.jpg 300w\" sizes=\"auto, (max-width: 540px) 100vw, 540px\" \/><\/a><\/p>\n<p>1- CALLENS REMI \/ XRAY<\/p>\n<p>2- PERMENTIER JEROME\/ YOKOMO BD5<\/p>\n<p>3- URBAIN JOAN\/ YOKOMO BD5<\/p>\n<p>4- VIGNERON THOMAS \/ SERPENT S411<\/p>\n<p>5- SCHWENDIMANN NICOLAS \/ XRAY<\/p>\n<p>6- PICAUDE MATHIEU \/ SERPENT S411<\/p>\n<p>7- GALINEAU JULIEN\/ ROBITRONIC<\/p>\n<p>8- CACHAFEIRO JUAN JOSE \/ XRAY<\/p>\n<p>9- CHARLES DIMITRI \/ AWESOMATIX<\/p>\n<p>10- COMPAGNON STEPHANE \/ YOKOMO BD5<\/p>\n<p>&nbsp;<\/p>\n<p>En MODIFIED:<\/p>\n<p>Alors , nette domination du champion de France en titre, Lo\u00efc JASMIN, qui ne laissera aucune chance \u00e0 ses adversaires et s\u2019adjugera les 2 premi\u00e8res finales et donc la victoire au g\u00e9n\u00e9ral pour cette premi\u00e8re manche de la saison. Derri\u00e8re Lucas URBAIN, remportera la F3 pour finir 2\u00e9me au g\u00e9n\u00e9ral et derri\u00e8re,le pilote Montbrisonnais, Alex LAURENT montera sur la 3\u00e9me marche du podium. On notera la belle course de Manu WAGNER pour sa premi\u00e8re course officielle dans cette cat\u00e9gorie qui finira 8\u00e8me.<\/p>\n<p>R\u00e9sultats MODIFIE:<\/p>\n<p><a href=\"http:\/\/www.mrc-longwy.fr\/wp-content\/uploads\/2012\/03\/DSC_7970.jpg\"><img loading=\"lazy\" decoding=\"async\" class=\"alignleft size-large wp-image-377\" title=\"DSC_7970\" src=\"http:\/\/www.mrc-longwy.fr\/wp-content\/uploads\/2012\/03\/DSC_7970-1024x685.jpg\" alt=\"\" width=\"540\" height=\"361\" srcset=\"https:\/\/www.mrc-longwy.fr\/wp-content\/uploads\/2012\/03\/DSC_7970-1024x685.jpg 1024w, https:\/\/www.mrc-longwy.fr\/wp-content\/uploads\/2012\/03\/DSC_7970-300x200.jpg 300w\" sizes=\"auto, (max-width: 540px) 100vw, 540px\" \/><\/a>1- LOIC JASMIN \/ YOKOMO<\/p>\n<p>2- LUCAS URBAIN \/ YOKOMO<\/p>\n<p>3- ALEXANDRE LAURENT\/ XRAY<\/p>\n<p>4- HUGO RAGAUT \/ AWESOMATIX<\/p>\n<p>5- ARNAUD SOULIGNAC \/ SERPENT<\/p>\n<p>6- JEREMY LIMOGES \/ XRAY<\/p>\n<p>7- ALEX DUSART \/ XRAY<\/p>\n<p>8- MANU WAGNER\/ XRAY<\/p>\n<p>9- WALTER POLLET-VILLARD \/ YOKOMO<\/p>\n<p>10- MATHIAS RASCOL \/ XRAY<\/p>\n<h4><\/h4>\n<h4><\/h4>\n<h4><\/h4>\n<h4><span style=\"text-decoration: underline;\"><span style=\"color: #0000ff; text-decoration: underline;\">Les photos des vainqueurs:<\/span><\/span><\/h4>\n<p>La voiture de R\u00e9mi CALLENS et de Lo\u00efc JASMIN<\/p>\n<p><a href=\"http:\/\/www.mrc-longwy.fr\/wp-content\/uploads\/2012\/03\/DSC_7972.jpg\"><img loading=\"lazy\" decoding=\"async\" class=\"alignleft size-medium wp-image-378\" title=\"DSC_7972\" src=\"http:\/\/www.mrc-longwy.fr\/wp-content\/uploads\/2012\/03\/DSC_7972-300x200.jpg\" alt=\"\" width=\"300\" height=\"200\" srcset=\"https:\/\/www.mrc-longwy.fr\/wp-content\/uploads\/2012\/03\/DSC_7972-300x200.jpg 300w, https:\/\/www.mrc-longwy.fr\/wp-content\/uploads\/2012\/03\/DSC_7972-1024x685.jpg 1024w\" sizes=\"auto, (max-width: 300px) 100vw, 300px\" \/><\/a><a href=\"http:\/\/www.mrc-longwy.fr\/wp-content\/uploads\/2012\/03\/DSC_7974.jpg\"><img loading=\"lazy\" decoding=\"async\" class=\"alignleft size-medium wp-image-379\" title=\"DSC_7974\" src=\"http:\/\/www.mrc-longwy.fr\/wp-content\/uploads\/2012\/03\/DSC_7974-300x200.jpg\" alt=\"\" width=\"300\" height=\"200\" srcset=\"https:\/\/www.mrc-longwy.fr\/wp-content\/uploads\/2012\/03\/DSC_7974-300x200.jpg 300w, https:\/\/www.mrc-longwy.fr\/wp-content\/uploads\/2012\/03\/DSC_7974-1024x685.jpg 1024w\" sizes=\"auto, (max-width: 300px) 100vw, 300px\" \/><\/a><\/p>\n<p>&nbsp;<\/p>\n<p>&nbsp;<\/p>\n<p>&nbsp;<\/p>\n<p>&nbsp;<\/p>\n<p>&nbsp;<\/p>\n<p>&nbsp;<\/p>\n<p><a href=\"http:\/\/www.mrc-longwy.fr\/wp-content\/uploads\/2012\/03\/DSC_7983.jpg\"><img loading=\"lazy\" decoding=\"async\" class=\"alignleft size-medium wp-image-381\" title=\"DSC_7983\" src=\"http:\/\/www.mrc-longwy.fr\/wp-content\/uploads\/2012\/03\/DSC_7983-300x175.jpg\" alt=\"\" width=\"300\" height=\"175\" srcset=\"https:\/\/www.mrc-longwy.fr\/wp-content\/uploads\/2012\/03\/DSC_7983-300x175.jpg 300w, https:\/\/www.mrc-longwy.fr\/wp-content\/uploads\/2012\/03\/DSC_7983-1024x598.jpg 1024w\" sizes=\"auto, (max-width: 300px) 100vw, 300px\" \/><\/a><a href=\"http:\/\/www.mrc-longwy.fr\/wp-content\/uploads\/2012\/03\/DSC_7987.jpg\"><img loading=\"lazy\" decoding=\"async\" class=\"alignleft size-medium wp-image-382\" title=\"DSC_7987\" src=\"http:\/\/www.mrc-longwy.fr\/wp-content\/uploads\/2012\/03\/DSC_7987-300x200.jpg\" alt=\"\" width=\"300\" height=\"200\" srcset=\"https:\/\/www.mrc-longwy.fr\/wp-content\/uploads\/2012\/03\/DSC_7987-300x200.jpg 300w, https:\/\/www.mrc-longwy.fr\/wp-content\/uploads\/2012\/03\/DSC_7987-1024x685.jpg 1024w\" sizes=\"auto, (max-width: 300px) 100vw, 300px\" \/><\/a><\/p>\n<p>&nbsp;<\/p>\n<p>&nbsp;<\/p>\n<p>&nbsp;<\/p>\n<p>&nbsp;<\/p>\n<p>&nbsp;<\/p>\n<p>&nbsp;<\/p>\n<p>&nbsp;<\/p>\n<h4>CONCLUSION:<\/h4>\n<p>Un beau week-end de course en Alsace pour cette premi\u00e8re manche de CF de l&rsquo;ann\u00e9e 2012. Merci aux organisateurs et surtout aux membres de la buvette (sp\u00e9ciale d\u00e9dicace \u00e0 la tarte banane chocolat). Une super ambiance tout le week-end et du fair-play sur la piste. Bref un bon we.<\/p>\n<p>Encore une belle domination des membres du MRC LONGWY \ud83d\ude42<\/p>\n<p>D\u00e9sol\u00e9 de ne pas avoir fait un reportage un peu plus pouss\u00e9 mais le temps m&rsquo;a manqu\u00e9 suite \u00e0 mes soucis d\u2019\u00e9lectronique. J&rsquo;essaierais de faire mieux \u00e0 Rumilly (faut aussi que je bosse le setup du canon, car franchement pas top).<\/p>\n<p>Merci \u00e0 tous les acteurs de cette course pour leur bonne humeur et leur sourire.<\/p>\n<p>Rendez-vous fin Avril pour la seconde manche en Savoie.<\/p>\n<p>A tr\u00e8s bient\u00f4t.<\/p>\n<p>Mika.<\/p>\n<p>Ps: grand merci aux gars du MRC pour le Mikathlon du dimanche apr\u00e8m<\/p>\n<h4><span style=\"text-decoration: underline;\"><em><span style=\"color: #0000ff; text-decoration: underline;\">Les vid\u00e9os:<\/span><\/em><\/span><\/h4>\n<div class=\"youtube_sc  fluid widescreen\"><div class=\"inner block\"><noscript><style type=\"text\/css\">.youtube_sc iframe.yp{display:none;}<\/style><object width=\"560\" height=\"340\" class=\"yp\" title=\"YouTube video player\"><param name=\"movie\" value=\"http:\/\/www.youtube.com\/v\/rmO9FIlLW1o?version=3&amp;hl=en_US\"><param name=\"allowscriptaccess\" value=\"always\"><param name=\"wmode\" value=\"transparent\"><embed src=\"http:\/\/www.youtube.com\/v\/rmO9FIlLW1o?version=3&amp;hl=en_US\" width=\"560\" height=\"340\" class=\"yp\" type=\"application\/x-shockwave-flash\" wmode=\"transparent\" allowscriptaccess=\"always\"><span style=\"display:block;margin-top:15px;\">The Adobe Flash Player is required for video playback.<br><a href=\"http:\/\/get.adobe.com\/flashplayer\/\" title=\"Install from Adobe\">Get the latest Flash Player<\/a> or <a href=\"http:\/\/www.youtube.com\/watch?v=rmO9FIlLW1o\" target=\"_blank\" title=\"Watch on YouTube\">Watch this video on YouTube<\/a>.<\/span><\/object><\/noscript><iframe loading=\"lazy\" src=\"http:\/\/www.youtube.com\/embed\/rmO9FIlLW1o?version=3&amp;wmode=transparent\" width=\"560\" height=\"340\" class=\"yp\" title=\"YouTube video player\" frameborder=\"0\" allowfullscreen><\/iframe><\/div><\/div>\n<div class=\"youtube_sc  fluid widescreen\"><div class=\"inner block\"><noscript><style type=\"text\/css\">.youtube_sc iframe.yp{display:none;}<\/style><object width=\"560\" height=\"340\" class=\"yp\" title=\"YouTube video player\"><param name=\"movie\" value=\"http:\/\/www.youtube.com\/v\/Ibntdf3ipDU?version=3&amp;hl=en_US\"><param name=\"allowscriptaccess\" value=\"always\"><param name=\"wmode\" value=\"transparent\"><embed src=\"http:\/\/www.youtube.com\/v\/Ibntdf3ipDU?version=3&amp;hl=en_US\" width=\"560\" height=\"340\" class=\"yp\" type=\"application\/x-shockwave-flash\" wmode=\"transparent\" allowscriptaccess=\"always\"><span style=\"display:block;margin-top:15px;\">The Adobe Flash Player is required for video playback.<br><a href=\"http:\/\/get.adobe.com\/flashplayer\/\" title=\"Install from Adobe\">Get the latest Flash Player<\/a> or <a href=\"http:\/\/www.youtube.com\/watch?v=Ibntdf3ipDU\" target=\"_blank\" title=\"Watch on YouTube\">Watch this video on YouTube<\/a>.<\/span><\/object><\/noscript><iframe loading=\"lazy\" src=\"http:\/\/www.youtube.com\/embed\/Ibntdf3ipDU?version=3&amp;wmode=transparent\" width=\"560\" height=\"340\" class=\"yp\" title=\"YouTube video player\" frameborder=\"0\" allowfullscreen><\/iframe><\/div><\/div>\n<p>&nbsp;<\/p>\n<h4><em><span style=\"text-decoration: underline; color: #0000ff;\"><span style=\"text-decoration: underline;\">Galerie photo:<\/span><\/span><\/em><\/h4>\n<p><em><br \/>\n<\/em><\/p>\n<p>&nbsp;<\/p>\n","protected":false},"excerpt":{"rendered":"<p>Pour la premi\u00e8re manche du championnat de France, les pilotes avaient rendez-vous \u00e0 Zillisheim ( Alsace) le week-end du 17 et 18 Mars. Le club organisateur, le SAM, habitu\u00e9 de ce genre de manifestation ne nous a pas d\u00e9\u00e7u une [&hellip;] <a class=\"more-link\" href=\"https:\/\/www.mrc-longwy.fr\/?p=357\">&darr; Read the rest of this entry&#8230;<\/a><\/p>\n","protected":false},"author":4,"featured_media":0,"comment_status":"open","ping_status":"open","sticky":false,"template":"","format":"standard","meta":{"footnotes":""},"categories":[8],"tags":[],"class_list":["post-357","post","type-post","status-publish","format-standard","hentry","category-championnat-de-france","uentry","postonpage-1","odd","post-author-mika"],"_links":{"self":[{"href":"https:\/\/www.mrc-longwy.fr\/index.php?rest_route=\/wp\/v2\/posts\/357","targetHints":{"allow":["GET"]}}],"collection":[{"href":"https:\/\/www.mrc-longwy.fr\/index.php?rest_route=\/wp\/v2\/posts"}],"about":[{"href":"https:\/\/www.mrc-longwy.fr\/index.php?rest_route=\/wp\/v2\/types\/post"}],"author":[{"embeddable":true,"href":"https:\/\/www.mrc-longwy.fr\/index.php?rest_route=\/wp\/v2\/users\/4"}],"replies":[{"embeddable":true,"href":"https:\/\/www.mrc-longwy.fr\/index.php?rest_route=%2Fwp%2Fv2%2Fcomments&post=357"}],"version-history":[{"count":32,"href":"https:\/\/www.mrc-longwy.fr\/index.php?rest_route=\/wp\/v2\/posts\/357\/revisions"}],"predecessor-version":[{"id":411,"href":"https:\/\/www.mrc-longwy.fr\/index.php?rest_route=\/wp\/v2\/posts\/357\/revisions\/411"}],"wp:attachment":[{"href":"https:\/\/www.mrc-longwy.fr\/index.php?rest_route=%2Fwp%2Fv2%2Fmedia&parent=357"}],"wp:term":[{"taxonomy":"category","embeddable":true,"href":"https:\/\/www.mrc-longwy.fr\/index.php?rest_route=%2Fwp%2Fv2%2Fcategories&post=357"},{"taxonomy":"post_tag","embeddable":true,"href":"https:\/\/www.mrc-longwy.fr\/index.php?rest_route=%2Fwp%2Fv2%2Ftags&post=357"}],"curies":[{"name":"wp","href":"https:\/\/api.w.org\/{rel}","templated":true}]}}