{"id":299,"date":"2011-12-17T17:58:45","date_gmt":"2011-12-17T15:58:45","guid":{"rendered":"http:\/\/www.mrc-longwy.fr\/?p=299"},"modified":"2011-12-17T17:58:45","modified_gmt":"2011-12-17T15:58:45","slug":"eric-dankel-and-joe-streff-set-the-pace-of-first-qualification","status":"publish","type":"post","link":"https:\/\/www.mrc-longwy.fr\/?p=299","title":{"rendered":"Eric DANKEL and Joe STREFF set the pace of first qualification!"},"content":{"rendered":"<p>La 1\u00e8re qualification vient de se terminer! Le niveau est tr\u00e8s \u00e9lev\u00e9 dans chaque cat\u00e9gorie avec de nombreux pr\u00e9tendants en grande forme!! Les \u00e9carts sont tr\u00e8s tr\u00e8s tr\u00e8s serr\u00e9s!!<\/p>\n<p>En modified, d\u00e9part canon de Ronald Volker qui domine largement sa manche avant une petite faute qui permet \u00e0 Eric Dankel \u00a0et Yannick Pruemper de passer devant.<\/p>\n<p><a href=\"http:\/\/www.mrc-longwy.fr\/wp-content\/uploads\/2011\/12\/eric-dankel.jpg\"><img loading=\"lazy\" decoding=\"async\" class=\"aligncenter size-medium wp-image-300\" title=\"eric dankel\" src=\"http:\/\/www.mrc-longwy.fr\/wp-content\/uploads\/2011\/12\/eric-dankel-300x200.jpg\" alt=\"\" width=\"300\" height=\"200\" srcset=\"https:\/\/www.mrc-longwy.fr\/wp-content\/uploads\/2011\/12\/eric-dankel-300x200.jpg 300w, https:\/\/www.mrc-longwy.fr\/wp-content\/uploads\/2011\/12\/eric-dankel.jpg 1000w\" sizes=\"auto, (max-width: 300px) 100vw, 300px\" \/><\/a><\/p>\n<p>Qualification 1- Top 10 modified<\/p>\n<p>1. Eric Dankel<\/p>\n<p>2. Yannick Pruemper<\/p>\n<p>3. Ronald Volker<\/p>\n<p>4. Marc Fisher<\/p>\n<p>5. Loic Jasmin<\/p>\n<p>6. David Ehrbar<\/p>\n<p>7. Lucas Urbain<\/p>\n<p>8. Patrick Pasch<\/p>\n<p>9. Cyril N&rsquo;Diaye<\/p>\n<p>10. L\u00e9o Arnold<\/p>\n<p>&nbsp;<\/p>\n<p>En stock, apr\u00e8s des practices tr\u00e8s tr\u00e8s serr\u00e9s, on s&rsquo;attendait \u00e0 une lutte acharn\u00e9e pour la pole. A ce petit jeu, c&rsquo;est le champion sortant Joe Streff qui dominera les d\u00e9bats apr\u00e8s la faute de Steffen Leinburger. Il remporte la manche devant son compatriote Luxembourgeois Tom Maquel qui finit 2 secondes derri\u00e8re. Pour la 3\u00e8me place, c&rsquo;est Philipp Haganauer qui \u00e9chouera \u00e0 2\/10\u00e8me de secondes de Tom.<\/p>\n<p><a href=\"http:\/\/www.mrc-longwy.fr\/wp-content\/uploads\/2011\/12\/joe-streff.jpg\"><img loading=\"lazy\" decoding=\"async\" class=\"aligncenter size-medium wp-image-301\" title=\"joe streff\" src=\"http:\/\/www.mrc-longwy.fr\/wp-content\/uploads\/2011\/12\/joe-streff-200x300.jpg\" alt=\"\" width=\"200\" height=\"300\" srcset=\"https:\/\/www.mrc-longwy.fr\/wp-content\/uploads\/2011\/12\/joe-streff-200x300.jpg 200w, https:\/\/www.mrc-longwy.fr\/wp-content\/uploads\/2011\/12\/joe-streff.jpg 667w\" sizes=\"auto, (max-width: 200px) 100vw, 200px\" \/><\/a><\/p>\n<p>Qualification 1 &#8211; Top 10 Stock 10.5<\/p>\n<p>1. Joe Streff<\/p>\n<p>2. Tom Maquel<\/p>\n<p>3. Philipp Haganauer<\/p>\n<p>4. Steffen Leinburger<\/p>\n<p>5. Thomas Vigneron<\/p>\n<p>6. Marc Schilling<\/p>\n<p>7. Jan Gehrig<\/p>\n<p>8. Manuel Wagner<\/p>\n<p>9. Alexandre Dusart<\/p>\n<p>10. Gilles Choque<\/p>\n<p>&nbsp;<\/p>\n<p>En formule 1, la pole position revient \u00e0 Andreas \u00ab\u00a0Ayrton\u00a0\u00bb Myrberg et sa superbe r\u00e9plique de MacLaren Honda devant Christophe Deli\u00e8ge.<\/p>\n<p><a href=\"http:\/\/www.mrc-longwy.fr\/wp-content\/uploads\/2011\/12\/ayrton.jpg\"><img loading=\"lazy\" decoding=\"async\" class=\"aligncenter size-medium wp-image-302\" title=\"ayrton\" src=\"http:\/\/www.mrc-longwy.fr\/wp-content\/uploads\/2011\/12\/ayrton-300x200.jpg\" alt=\"\" width=\"300\" height=\"200\" srcset=\"https:\/\/www.mrc-longwy.fr\/wp-content\/uploads\/2011\/12\/ayrton-300x200.jpg 300w, https:\/\/www.mrc-longwy.fr\/wp-content\/uploads\/2011\/12\/ayrton.jpg 1000w\" sizes=\"auto, (max-width: 300px) 100vw, 300px\" \/><\/a><\/p>\n","protected":false},"excerpt":{"rendered":"<p>La 1\u00e8re qualification vient de se terminer! Le niveau est tr\u00e8s \u00e9lev\u00e9 dans chaque cat\u00e9gorie avec de nombreux pr\u00e9tendants en grande forme!! Les \u00e9carts sont tr\u00e8s tr\u00e8s tr\u00e8s serr\u00e9s!! En modified, d\u00e9part canon de Ronald Volker qui domine largement sa [&hellip;] <a class=\"more-link\" href=\"https:\/\/www.mrc-longwy.fr\/?p=299\">&darr; Read the rest of this entry&#8230;<\/a><\/p>\n","protected":false},"author":1,"featured_media":0,"comment_status":"open","ping_status":"open","sticky":false,"template":"","format":"standard","meta":{"footnotes":""},"categories":[13],"tags":[],"class_list":["post-299","post","type-post","status-publish","format-standard","hentry","category-live-gp3f-2012","uentry","postonpage-1","odd","post-author-admin"],"_links":{"self":[{"href":"https:\/\/www.mrc-longwy.fr\/index.php?rest_route=\/wp\/v2\/posts\/299","targetHints":{"allow":["GET"]}}],"collection":[{"href":"https:\/\/www.mrc-longwy.fr\/index.php?rest_route=\/wp\/v2\/posts"}],"about":[{"href":"https:\/\/www.mrc-longwy.fr\/index.php?rest_route=\/wp\/v2\/types\/post"}],"author":[{"embeddable":true,"href":"https:\/\/www.mrc-longwy.fr\/index.php?rest_route=\/wp\/v2\/users\/1"}],"replies":[{"embeddable":true,"href":"https:\/\/www.mrc-longwy.fr\/index.php?rest_route=%2Fwp%2Fv2%2Fcomments&post=299"}],"version-history":[{"count":1,"href":"https:\/\/www.mrc-longwy.fr\/index.php?rest_route=\/wp\/v2\/posts\/299\/revisions"}],"predecessor-version":[{"id":303,"href":"https:\/\/www.mrc-longwy.fr\/index.php?rest_route=\/wp\/v2\/posts\/299\/revisions\/303"}],"wp:attachment":[{"href":"https:\/\/www.mrc-longwy.fr\/index.php?rest_route=%2Fwp%2Fv2%2Fmedia&parent=299"}],"wp:term":[{"taxonomy":"category","embeddable":true,"href":"https:\/\/www.mrc-longwy.fr\/index.php?rest_route=%2Fwp%2Fv2%2Fcategories&post=299"},{"taxonomy":"post_tag","embeddable":true,"href":"https:\/\/www.mrc-longwy.fr\/index.php?rest_route=%2Fwp%2Fv2%2Ftags&post=299"}],"curies":[{"name":"wp","href":"https:\/\/api.w.org\/{rel}","templated":true}]}}