{"id":273,"date":"2011-11-30T10:03:39","date_gmt":"2011-11-30T08:03:39","guid":{"rendered":"http:\/\/www.mrc-longwy.fr\/?p=273"},"modified":"2011-11-30T10:03:39","modified_gmt":"2011-11-30T08:03:39","slug":"reportage-manche-3-du-27-novembre-2011","status":"publish","type":"post","link":"https:\/\/www.mrc-longwy.fr\/?p=273","title":{"rendered":"Reportage Manche 3 du 27 Novembre 2011"},"content":{"rendered":"<p>Bonjour \u00e0 tous,<\/p>\n<p>Ce week-end s&rsquo;est d\u00e9roul\u00e9e la 3\u00e8me Amicale du MRC LONGWY dans la salle du COSEC de Longwy-haut. Belle participation encore pour cette manche avec 58 participants class\u00e9s dans 5 cat\u00e9gories.<\/p>\n<p><strong>La piste:<\/strong><\/p>\n<p><a href=\"http:\/\/www.mrc-longwy.fr\/wp-content\/uploads\/2011\/11\/P1010455.jpg\"><img loading=\"lazy\" decoding=\"async\" class=\"aligncenter size-large wp-image-274\" title=\"P1010455\" src=\"http:\/\/www.mrc-longwy.fr\/wp-content\/uploads\/2011\/11\/P1010455-1024x768.jpg\" alt=\"\" width=\"540\" height=\"405\" srcset=\"https:\/\/www.mrc-longwy.fr\/wp-content\/uploads\/2011\/11\/P1010455-1024x768.jpg 1024w, https:\/\/www.mrc-longwy.fr\/wp-content\/uploads\/2011\/11\/P1010455-300x225.jpg 300w\" sizes=\"auto, (max-width: 540px) 100vw, 540px\" \/><\/a>Le trac\u00e9 propos\u00e9 ce we \u00e9tait tr\u00e8s roulant et se montrera tr\u00e8s sympa \u00e0 l&rsquo;usage. Tr\u00e8s peu cassant, le nouveau balisage et les nombreuses assiettes pardonnaient les petites erreurs de trajectoires et le stoch orange mat\u00e9rialisait au mieux le trac\u00e9.<\/p>\n<p>La piste a \u00e9t\u00e9 mont\u00e9 d\u00e8s le samedi apr\u00e8s midi par les membres du MRC et \u00e9tait ouverte pour essais libres d\u00e8s 17h jusqu&rsquo;\u00e0 1h00 du matin.<\/p>\n<p>Le Dimanche la salle ouvrait ses portes \u00e0 7h00 pour essais libres pour recevoir tous les participants. Les qualifications ont commenc\u00e9 \u00e0 9h00 avec 9 s\u00e9ries et donc 3 qualifications pour tout le monde.<\/p>\n<p><em>A l&rsquo;issue des qualifications on retrouvera en pole position :<\/em><\/p>\n<p>ROOKIE: MORSA Benjamin (BE)<\/p>\n<p>SUPERSTOCK: WYSGOL Anna (DE)<\/p>\n<p>STOCK: MAQUEL Tom (LX)<\/p>\n<p>MODIFIED : EHRBAR David (DE)<\/p>\n<p>1\/12: CLAVEY J\u00e9r\u00e9my (FR)<\/p>\n<p><strong>Les Finales:<\/strong><\/p>\n<p>Les 3 finales pour tout les pilotes ont offert de belles bagarres \u00e0 tout les niveaux. Pour la plupart des manches, le fair-play et le spectacle \u00e9tait au rendez-vous.<\/p>\n<p>En ROOKIE:\u00a0 Avec 8 pilotes class\u00e9s on retrouve:<\/p>\n<div id=\"attachment_275\" style=\"width: 550px\" class=\"wp-caption aligncenter\"><a href=\"http:\/\/www.mrc-longwy.fr\/wp-content\/uploads\/2011\/11\/P1010463.jpg\"><img loading=\"lazy\" decoding=\"async\" aria-describedby=\"caption-attachment-275\" class=\"size-large wp-image-275\" title=\"P1010463\" src=\"http:\/\/www.mrc-longwy.fr\/wp-content\/uploads\/2011\/11\/P1010463-1024x768.jpg\" alt=\"\" width=\"540\" height=\"405\" srcset=\"https:\/\/www.mrc-longwy.fr\/wp-content\/uploads\/2011\/11\/P1010463-1024x768.jpg 1024w, https:\/\/www.mrc-longwy.fr\/wp-content\/uploads\/2011\/11\/P1010463-300x225.jpg 300w\" sizes=\"auto, (max-width: 540px) 100vw, 540px\" \/><\/a><p id=\"caption-attachment-275\" class=\"wp-caption-text\">DELIEGE Lise(3\u00e8me), MORSA Benjamin(1er), AMATO Maxime(2\u00e9me)<\/p><\/div>\n<p>Apr\u00e8s sa pole , le jeune et talentueux MORSA Benjamin ne laissera aucune chance \u00e0 ses concurrents pour s&rsquo;imposer dans les 2 premi\u00e8res finales. Dans la 3eme manche, c&rsquo;est le jeune Maxime AMATO qui s&rsquo;imposera apr\u00e8s une belle bagarre avec Benjamin et qui en profitera pour prendre la 2\u00e8me place au g\u00e9n\u00e9ral. Derri\u00e8re on retrouvera en 3\u00e9me positon l&rsquo;une de nos f\u00e9minines Lise DELIEGE.<\/p>\n<p>Bravo \u00e0 ces jeunes pilotes en devenir pour leur belle course.<\/p>\n<p>En SUPERSTOCK: sur 7 pilotes class\u00e9s on retrouve :<\/p>\n<div id=\"attachment_276\" style=\"width: 550px\" class=\"wp-caption aligncenter\"><a href=\"http:\/\/www.mrc-longwy.fr\/wp-content\/uploads\/2011\/11\/P1010464.jpg\"><img loading=\"lazy\" decoding=\"async\" aria-describedby=\"caption-attachment-276\" class=\"size-large wp-image-276\" title=\"P1010464\" src=\"http:\/\/www.mrc-longwy.fr\/wp-content\/uploads\/2011\/11\/P1010464-1024x768.jpg\" alt=\"\" width=\"540\" height=\"405\" srcset=\"https:\/\/www.mrc-longwy.fr\/wp-content\/uploads\/2011\/11\/P1010464-1024x768.jpg 1024w, https:\/\/www.mrc-longwy.fr\/wp-content\/uploads\/2011\/11\/P1010464-300x225.jpg 300w\" sizes=\"auto, (max-width: 540px) 100vw, 540px\" \/><\/a><p id=\"caption-attachment-276\" class=\"wp-caption-text\">WYSGOL Anna(1ere), CONDE Paulo(2eme),LUDWIG S\u00e9bastien(absent sur la photo)<\/p><\/div>\n<p>Aux termes de belles finales, c&rsquo;est la sympathique pilote Allemande WYSGOL Anna qui s&rsquo;imposera en gagnant les 3 finales. Suivront le pilote Luxembourgeois Paulo CONDE et le Fran\u00e7ais LUDWIG S\u00e9bastien en 3\u00e8me position.<\/p>\n<p>En STOCK: sur 28 pilotes class\u00e9s on retrouve:<\/p>\n<div id=\"attachment_277\" style=\"width: 550px\" class=\"wp-caption aligncenter\"><a href=\"http:\/\/www.mrc-longwy.fr\/wp-content\/uploads\/2011\/11\/P1010465.jpg\"><img loading=\"lazy\" decoding=\"async\" aria-describedby=\"caption-attachment-277\" class=\"size-large wp-image-277\" title=\"P1010465\" src=\"http:\/\/www.mrc-longwy.fr\/wp-content\/uploads\/2011\/11\/P1010465-1024x768.jpg\" alt=\"\" width=\"540\" height=\"405\" srcset=\"https:\/\/www.mrc-longwy.fr\/wp-content\/uploads\/2011\/11\/P1010465-1024x768.jpg 1024w, https:\/\/www.mrc-longwy.fr\/wp-content\/uploads\/2011\/11\/P1010465-300x225.jpg 300w\" sizes=\"auto, (max-width: 540px) 100vw, 540px\" \/><\/a><p id=\"caption-attachment-277\" class=\"wp-caption-text\">GEHRIG Jan(3\u00e8me), MAQUEL Tom(1er), GONNER Jacques(2\u00e8me)<\/p><\/div>\n<p>C&rsquo;est dans cette cat\u00e9gorie que le nombre de pilote \u00e9tait le plus important avec 28 pilotes class\u00e9s. Apr\u00e8s sa pole position, c&rsquo;est le toujours souriant pilote Luxembourgeois Tom MAQUEL qui s&rsquo;imposera apr\u00e8s de belle finales gagn\u00e9es avec la mani\u00e8re. En seconde position on retrouve Jacques Gonner du Luxembourg \u00e9galement suivi du pilote Allemand Jan GEHRIG qui venait pour la premi\u00e8re fois \u00e0 Longwy.<\/p>\n<p>MODIFIED: sur 12 pilotes class\u00e9s on retrouve:<\/p>\n<div id=\"attachment_278\" style=\"width: 550px\" class=\"wp-caption aligncenter\"><a href=\"http:\/\/www.mrc-longwy.fr\/wp-content\/uploads\/2011\/11\/P1010466.jpg\"><img loading=\"lazy\" decoding=\"async\" aria-describedby=\"caption-attachment-278\" class=\"size-large wp-image-278\" title=\"P1010466\" src=\"http:\/\/www.mrc-longwy.fr\/wp-content\/uploads\/2011\/11\/P1010466-1024x768.jpg\" alt=\"\" width=\"540\" height=\"405\" srcset=\"https:\/\/www.mrc-longwy.fr\/wp-content\/uploads\/2011\/11\/P1010466-1024x768.jpg 1024w, https:\/\/www.mrc-longwy.fr\/wp-content\/uploads\/2011\/11\/P1010466-300x225.jpg 300w\" sizes=\"auto, (max-width: 540px) 100vw, 540px\" \/><\/a><p id=\"caption-attachment-278\" class=\"wp-caption-text\">JASMIN Loic(2\u00e8me), EHRBAR David(1er), BULTYNCK Olivier(3\u00e8me)<\/p><\/div>\n<p>12 pilotes dans cette cat\u00e9gorie avec un niveau tr\u00e8s \u00e9lev\u00e9 pour cette 3\u00e9me amicale. Aux termes de finales tr\u00e8s serr\u00e9es, c&rsquo;est finalement le pilote Allemand David EHRBAR qui s&rsquo;imposera devant le pilote local Loic JASMIN et le toujours aussi sympa Olie BULTYNCK.<\/p>\n<p>1\/12: sur 3 pilotes class\u00e9s on retrouve:<\/p>\n<div id=\"attachment_279\" style=\"width: 550px\" class=\"wp-caption aligncenter\"><a href=\"http:\/\/www.mrc-longwy.fr\/wp-content\/uploads\/2011\/11\/P1010467.jpg\"><img loading=\"lazy\" decoding=\"async\" aria-describedby=\"caption-attachment-279\" class=\"size-large wp-image-279\" title=\"P1010467\" src=\"http:\/\/www.mrc-longwy.fr\/wp-content\/uploads\/2011\/11\/P1010467-1024x768.jpg\" alt=\"\" width=\"540\" height=\"405\" srcset=\"https:\/\/www.mrc-longwy.fr\/wp-content\/uploads\/2011\/11\/P1010467-1024x768.jpg 1024w, https:\/\/www.mrc-longwy.fr\/wp-content\/uploads\/2011\/11\/P1010467-300x225.jpg 300w\" sizes=\"auto, (max-width: 540px) 100vw, 540px\" \/><\/a><p id=\"caption-attachment-279\" class=\"wp-caption-text\">LIBAR Jacques(3\u00e8me), CLAVEY J\u00e9r\u00e9my (1er), DELIEGE Christophe(2\u00e8me)<\/p><\/div>\n<p>Seulement 3 pilotes en 1\/12 mais belle victoire de J\u00e9r\u00e9my CLAVEY sur son ALien Racing suivi de Christophe DELIEGE et de Jacques LIBAR du Luxembourg.<\/p>\n<p>Pour conclure cette remise des prix, le Champion de France Elite Loic JASMIN a remis une coupe au jeune Kehrian LEONARD, de nationalit\u00e9 Irlandaise pour le f\u00e9liciter pour sa premi\u00e8re course de RC sur un chassis du club mis \u00e0 sa disposition pour l&rsquo;occasion:<\/p>\n<div id=\"attachment_280\" style=\"width: 550px\" class=\"wp-caption aligncenter\"><a href=\"http:\/\/www.mrc-longwy.fr\/wp-content\/uploads\/2011\/11\/P1010469.jpg\"><img loading=\"lazy\" decoding=\"async\" aria-describedby=\"caption-attachment-280\" class=\"size-large wp-image-280\" title=\"P1010469\" src=\"http:\/\/www.mrc-longwy.fr\/wp-content\/uploads\/2011\/11\/P1010469-1024x768.jpg\" alt=\"\" width=\"540\" height=\"405\" srcset=\"https:\/\/www.mrc-longwy.fr\/wp-content\/uploads\/2011\/11\/P1010469-1024x768.jpg 1024w, https:\/\/www.mrc-longwy.fr\/wp-content\/uploads\/2011\/11\/P1010469-300x225.jpg 300w\" sizes=\"auto, (max-width: 540px) 100vw, 540px\" \/><\/a><p id=\"caption-attachment-280\" class=\"wp-caption-text\">LEONARD Kherian et Loic JASMIN<\/p><\/div>\n<p>Tout les r\u00e9sultats sont disponible sur www.myrcm.ch dans la rubrique \u00ab\u00a0course archiv\u00e9e\u00a0\u00bb.<\/p>\n<p>Toute l&rsquo;\u00e9quipe vous remercie pour votre bonne humeur et votre participation. On esp\u00e8re vous revoir encore plus nombreux \u00e0 la prochaine amicale.<\/p>\n<p>Sinon \u00e0 tr\u00e8s vite pour le GP3F le 17&amp;18 D\u00e9cembre!!<\/p>\n<p>&nbsp;<\/p>\n","protected":false},"excerpt":{"rendered":"<p>Bonjour \u00e0 tous, Ce week-end s&rsquo;est d\u00e9roul\u00e9e la 3\u00e8me Amicale du MRC LONGWY dans la salle du COSEC de Longwy-haut. Belle participation encore pour cette manche avec 58 participants class\u00e9s dans 5 cat\u00e9gories. La piste: Le trac\u00e9 propos\u00e9 ce we [&hellip;] <a class=\"more-link\" href=\"https:\/\/www.mrc-longwy.fr\/?p=273\">&darr; Read the rest of this entry&#8230;<\/a><\/p>\n","protected":false},"author":4,"featured_media":0,"comment_status":"open","ping_status":"open","sticky":false,"template":"","format":"standard","meta":{"footnotes":""},"categories":[1],"tags":[],"class_list":["post-273","post","type-post","status-publish","format-standard","hentry","category-non-classe","uentry","postonpage-1","odd","post-author-mika"],"_links":{"self":[{"href":"https:\/\/www.mrc-longwy.fr\/index.php?rest_route=\/wp\/v2\/posts\/273","targetHints":{"allow":["GET"]}}],"collection":[{"href":"https:\/\/www.mrc-longwy.fr\/index.php?rest_route=\/wp\/v2\/posts"}],"about":[{"href":"https:\/\/www.mrc-longwy.fr\/index.php?rest_route=\/wp\/v2\/types\/post"}],"author":[{"embeddable":true,"href":"https:\/\/www.mrc-longwy.fr\/index.php?rest_route=\/wp\/v2\/users\/4"}],"replies":[{"embeddable":true,"href":"https:\/\/www.mrc-longwy.fr\/index.php?rest_route=%2Fwp%2Fv2%2Fcomments&post=273"}],"version-history":[{"count":2,"href":"https:\/\/www.mrc-longwy.fr\/index.php?rest_route=\/wp\/v2\/posts\/273\/revisions"}],"predecessor-version":[{"id":282,"href":"https:\/\/www.mrc-longwy.fr\/index.php?rest_route=\/wp\/v2\/posts\/273\/revisions\/282"}],"wp:attachment":[{"href":"https:\/\/www.mrc-longwy.fr\/index.php?rest_route=%2Fwp%2Fv2%2Fmedia&parent=273"}],"wp:term":[{"taxonomy":"category","embeddable":true,"href":"https:\/\/www.mrc-longwy.fr\/index.php?rest_route=%2Fwp%2Fv2%2Fcategories&post=273"},{"taxonomy":"post_tag","embeddable":true,"href":"https:\/\/www.mrc-longwy.fr\/index.php?rest_route=%2Fwp%2Fv2%2Ftags&post=273"}],"curies":[{"name":"wp","href":"https:\/\/api.w.org\/{rel}","templated":true}]}}