{"id":223,"date":"2011-10-23T14:54:56","date_gmt":"2011-10-23T12:54:56","guid":{"rendered":"http:\/\/www.mrc-longwy.fr\/?p=223"},"modified":"2011-10-23T14:54:56","modified_gmt":"2011-10-23T12:54:56","slug":"amicale-n%c2%b02-le-6-novembre-2011","status":"publish","type":"post","link":"https:\/\/www.mrc-longwy.fr\/?p=223","title":{"rendered":"Amicale n\u00b02- le 6 Novembre 2011"},"content":{"rendered":"<p><a href=\"http:\/\/www.mrc-longwy.fr\/wp-content\/uploads\/2011\/10\/image-amicale-2.png\"><img loading=\"lazy\" decoding=\"async\" src=\"http:\/\/www.mrc-longwy.fr\/wp-content\/uploads\/2011\/10\/image-amicale-2-1024x697.png\" alt=\"\" title=\"image amicale 2\" width=\"540\" height=\"367\" class=\"alignnone size-large wp-image-224\" srcset=\"https:\/\/www.mrc-longwy.fr\/wp-content\/uploads\/2011\/10\/image-amicale-2-1024x697.png 1024w, https:\/\/www.mrc-longwy.fr\/wp-content\/uploads\/2011\/10\/image-amicale-2-300x204.png 300w, https:\/\/www.mrc-longwy.fr\/wp-content\/uploads\/2011\/10\/image-amicale-2.png 1205w\" sizes=\"auto, (max-width: 540px) 100vw, 540px\" \/><\/a><br \/>\nLe MRC LONGWY est heureux de vous annoncer que la 2\u00e8me Amicale aura lieu le Dimanche 6 Novembre au COSEC (salle Pierre Mousset) \u00e0 Longwy comme \u00e0 son habitude.<\/p>\n<p>La piste sera ouverte d\u00e8s le samedi 5 vers 17h00 jusque tard dans la soir\u00e9e pour des essais libres. Toutes les commodit\u00e9s seront \u00e0 votre disposition ( tables, chaises, 220V, compresseur, buvette chaude, etc&#8230;.)<br \/>\nLa course d\u00e9butera le dimanche pour 9h30. La salle sera ouverte d\u00e8s 7h00 pour essais libres.<\/p>\n<p>Les inscriptions se font en ligne \u00e0 l&rsquo;aide de myrcm sur le lien suivant :http:\/\/www.myrcm.ch<\/p>\n<p>6 Cat\u00e9gories au programme suivant le nombre d&rsquo;inscrits:<br \/>\n&#8211; MODIFIED<br \/>\n&#8211; STOCK<br \/>\n&#8211; SUPERSTOCK<br \/>\n&#8211; ROOKIE<br \/>\n&#8211; FORMULE 1<br \/>\n&#8211; 1\/12<\/p>\n<p>Le d\u00e9tail des cat\u00e9gories est sur le site du club http:\/\/www.mrc-longwy.fr<br \/>\nPour plus d&rsquo;infos, vous pouvez me contacter sur michael.jasmin@wanadoo.fr ou au 0637157462<\/p>\n<p>A tr\u00e8s vite pour une nouvelle amicale au MRC LONGWY.<\/p>\n","protected":false},"excerpt":{"rendered":"<p>Le MRC LONGWY est heureux de vous annoncer que la 2\u00e8me Amicale aura lieu le Dimanche 6 Novembre au COSEC (salle Pierre Mousset) \u00e0 Longwy comme \u00e0 son habitude. La piste sera ouverte d\u00e8s le samedi 5 vers 17h00 jusque [&hellip;] <a class=\"more-link\" href=\"https:\/\/www.mrc-longwy.fr\/?p=223\">&darr; Read the rest of this entry&#8230;<\/a><\/p>\n","protected":false},"author":4,"featured_media":0,"comment_status":"open","ping_status":"open","sticky":false,"template":"","format":"standard","meta":{"footnotes":""},"categories":[1],"tags":[],"class_list":["post-223","post","type-post","status-publish","format-standard","hentry","category-non-classe","uentry","postonpage-1","odd","post-author-mika"],"_links":{"self":[{"href":"https:\/\/www.mrc-longwy.fr\/index.php?rest_route=\/wp\/v2\/posts\/223","targetHints":{"allow":["GET"]}}],"collection":[{"href":"https:\/\/www.mrc-longwy.fr\/index.php?rest_route=\/wp\/v2\/posts"}],"about":[{"href":"https:\/\/www.mrc-longwy.fr\/index.php?rest_route=\/wp\/v2\/types\/post"}],"author":[{"embeddable":true,"href":"https:\/\/www.mrc-longwy.fr\/index.php?rest_route=\/wp\/v2\/users\/4"}],"replies":[{"embeddable":true,"href":"https:\/\/www.mrc-longwy.fr\/index.php?rest_route=%2Fwp%2Fv2%2Fcomments&post=223"}],"version-history":[{"count":1,"href":"https:\/\/www.mrc-longwy.fr\/index.php?rest_route=\/wp\/v2\/posts\/223\/revisions"}],"predecessor-version":[{"id":225,"href":"https:\/\/www.mrc-longwy.fr\/index.php?rest_route=\/wp\/v2\/posts\/223\/revisions\/225"}],"wp:attachment":[{"href":"https:\/\/www.mrc-longwy.fr\/index.php?rest_route=%2Fwp%2Fv2%2Fmedia&parent=223"}],"wp:term":[{"taxonomy":"category","embeddable":true,"href":"https:\/\/www.mrc-longwy.fr\/index.php?rest_route=%2Fwp%2Fv2%2Fcategories&post=223"},{"taxonomy":"post_tag","embeddable":true,"href":"https:\/\/www.mrc-longwy.fr\/index.php?rest_route=%2Fwp%2Fv2%2Ftags&post=223"}],"curies":[{"name":"wp","href":"https:\/\/api.w.org\/{rel}","templated":true}]}}