{"id":193,"date":"2011-10-18T13:07:52","date_gmt":"2011-10-18T11:07:52","guid":{"rendered":"http:\/\/www.mrc-longwy.fr\/?p=193"},"modified":"2011-10-18T13:07:52","modified_gmt":"2011-10-18T11:07:52","slug":"reportage-1ere-amicale-du-16102011","status":"publish","type":"post","link":"https:\/\/www.mrc-longwy.fr\/?p=193","title":{"rendered":"Reportage 1\u00e8re Amicale du 16\/10\/2011"},"content":{"rendered":"<p>La 1\u00e9re Amicale vient d&rsquo;avoir lieu et annonce encore une belle saison hivernale pour le MRC LONGWY.<br \/>\nPour cette manche de reprise 50 pilotes avait fait le d\u00e9placement r\u00e9partis dans 5 cat\u00e9gories.<br \/>\nLe trac\u00e9 tr\u00e8s roulant donnait un rythme tr\u00e8s \u00e9lev\u00e9 avec un excellent grip, bref que du bonheur aux dires de tous les pilotes pr\u00e9sents.<br \/>\nD\u00e8s le samedi soir, pr\u00e8s de la moiti\u00e9 des participants \u00e9tait pr\u00e9sents pour faire des essais jusque tard dans la soir\u00e9e. A noter que beaucoup de pilotes de la r\u00e9gion avaient fait le d\u00e9placement mais aussi beaucoup de nos amis Belges et Luxembourgeois.<br \/>\nLe dimanche nous offrira de belles courses avec du niveau, du fair-play et de la bonne humeur.<\/p>\n<div id=\"attachment_194\" style=\"width: 550px\" class=\"wp-caption alignnone\"><a href=\"http:\/\/www.mrc-longwy.fr\/wp-content\/uploads\/2011\/10\/DSC_0460.jpg\"><img loading=\"lazy\" decoding=\"async\" aria-describedby=\"caption-attachment-194\" src=\"http:\/\/www.mrc-longwy.fr\/wp-content\/uploads\/2011\/10\/DSC_0460-1024x678.jpg\" alt=\"\" title=\"DSC_0460\" width=\"540\" height=\"357\" class=\"size-large wp-image-194\" srcset=\"https:\/\/www.mrc-longwy.fr\/wp-content\/uploads\/2011\/10\/DSC_0460-1024x678.jpg 1024w, https:\/\/www.mrc-longwy.fr\/wp-content\/uploads\/2011\/10\/DSC_0460-300x198.jpg 300w\" sizes=\"auto, (max-width: 540px) 100vw, 540px\" \/><\/a><p id=\"caption-attachment-194\" class=\"wp-caption-text\">La piste...<\/p><\/div>\n<p>Aux termes de 3 qualifications et 3 finales pour tout le monde voici donc les photos des podiums:<br \/>\nROOKIE:<br \/>\n<div id=\"attachment_195\" style=\"width: 550px\" class=\"wp-caption alignnone\"><a href=\"http:\/\/www.mrc-longwy.fr\/wp-content\/uploads\/2011\/10\/DSC_0614.jpg\"><img loading=\"lazy\" decoding=\"async\" aria-describedby=\"caption-attachment-195\" src=\"http:\/\/www.mrc-longwy.fr\/wp-content\/uploads\/2011\/10\/DSC_0614-1024x678.jpg\" alt=\"\" title=\"DSC_0614\" width=\"540\" height=\"357\" class=\"size-large wp-image-195\" srcset=\"https:\/\/www.mrc-longwy.fr\/wp-content\/uploads\/2011\/10\/DSC_0614-1024x678.jpg 1024w, https:\/\/www.mrc-longwy.fr\/wp-content\/uploads\/2011\/10\/DSC_0614-300x198.jpg 300w\" sizes=\"auto, (max-width: 540px) 100vw, 540px\" \/><\/a><p id=\"caption-attachment-195\" class=\"wp-caption-text\">Julian Garbi (3\u00e8me), Benjamin Morsa (1er), Joelle Gabel (2\u00e8me)<\/p><\/div><br \/>\nC&rsquo;est le jeune Benjamin Morsa (10ans) qui gagne cette cat\u00e9gorie ROOKIE de fort belle mani\u00e8re devant Joelle Gabel ( l&rsquo;une des 2 f\u00e9minine) et 3\u00e8me le craquant Julian Garbi (5ans).En 4\u00e8me position c&rsquo;est Romain Corbelli qui participait \u00e0 sa 1ere course.<\/p>\n<p>SUPERSTOCK:<br \/>\n<div id=\"attachment_196\" style=\"width: 550px\" class=\"wp-caption alignnone\"><a href=\"http:\/\/www.mrc-longwy.fr\/wp-content\/uploads\/2011\/10\/DSC_0626.jpg\"><img loading=\"lazy\" decoding=\"async\" aria-describedby=\"caption-attachment-196\" src=\"http:\/\/www.mrc-longwy.fr\/wp-content\/uploads\/2011\/10\/DSC_0626-1024x678.jpg\" alt=\"\" title=\"DSC_0626\" width=\"540\" height=\"357\" class=\"size-large wp-image-196\" srcset=\"https:\/\/www.mrc-longwy.fr\/wp-content\/uploads\/2011\/10\/DSC_0626-1024x678.jpg 1024w, https:\/\/www.mrc-longwy.fr\/wp-content\/uploads\/2011\/10\/DSC_0626-300x198.jpg 300w\" sizes=\"auto, (max-width: 540px) 100vw, 540px\" \/><\/a><p id=\"caption-attachment-196\" class=\"wp-caption-text\">Matz Pierre(2\u00e8me), Garbi Patrick(1er), Becker Luca(3\u00e8me)<\/p><\/div><br \/>\nAux termes de belles finales, c&rsquo;est le sympathique pilote Allemand, Patrick Garbi qui remportera cette cat\u00e9gorie SUPERSTOCK devant Pierre Matz et le jeune pilote Luxembourgeois Becker Luca.<\/p>\n<p>STOCK:<br \/>\n<div id=\"attachment_198\" style=\"width: 550px\" class=\"wp-caption alignnone\"><a href=\"http:\/\/www.mrc-longwy.fr\/wp-content\/uploads\/2011\/10\/DSC_0645.jpg\"><img loading=\"lazy\" decoding=\"async\" aria-describedby=\"caption-attachment-198\" src=\"http:\/\/www.mrc-longwy.fr\/wp-content\/uploads\/2011\/10\/DSC_0645-1024x678.jpg\" alt=\"\" title=\"DSC_0645\" width=\"540\" height=\"357\" class=\"size-large wp-image-198\" srcset=\"https:\/\/www.mrc-longwy.fr\/wp-content\/uploads\/2011\/10\/DSC_0645-1024x678.jpg 1024w, https:\/\/www.mrc-longwy.fr\/wp-content\/uploads\/2011\/10\/DSC_0645-300x198.jpg 300w\" sizes=\"auto, (max-width: 540px) 100vw, 540px\" \/><\/a><p id=\"caption-attachment-198\" class=\"wp-caption-text\">Manu Wagner (2\u00e8me), Schwendimann Nicolas(1er), Gysemberg Renaud (3\u00e8me)<\/p><\/div><br \/>\n27 pilotes dans cette cat\u00e9gorie et de belles bagarres d\u00e8s la premi\u00e8re qualification. A noter que le niveau \u00e9tait tr\u00e8s \u00e9lev\u00e9 dans cette cat\u00e9gorie STOCK car de nombreux pilotes du Top Francais, Belges et Luxembourgeois \u00e9taient pr\u00e9sents. Ce qui donnera de tr\u00e8s belles finales avec des bagarres \u00e0 tout les niveaux. On a donc au final Nicolas Schwendimann (XRAY), en 2\u00e8me Manu Wagner(XRAY)et 3\u00e8me Gysemberg Renaud (TAMIYA).<\/p>\n<p>MODIFIED:<br \/>\n<div id=\"attachment_199\" style=\"width: 550px\" class=\"wp-caption alignnone\"><a href=\"http:\/\/www.mrc-longwy.fr\/wp-content\/uploads\/2011\/10\/DSC_0667.jpg\"><img loading=\"lazy\" decoding=\"async\" aria-describedby=\"caption-attachment-199\" src=\"http:\/\/www.mrc-longwy.fr\/wp-content\/uploads\/2011\/10\/DSC_0667-1024x678.jpg\" alt=\"\" title=\"DSC_0667\" width=\"540\" height=\"357\" class=\"size-large wp-image-199\" srcset=\"https:\/\/www.mrc-longwy.fr\/wp-content\/uploads\/2011\/10\/DSC_0667-1024x678.jpg 1024w, https:\/\/www.mrc-longwy.fr\/wp-content\/uploads\/2011\/10\/DSC_0667-300x198.jpg 300w\" sizes=\"auto, (max-width: 540px) 100vw, 540px\" \/><\/a><p id=\"caption-attachment-199\" class=\"wp-caption-text\">Stref Joe(3\u00e8me), Loic Jasmin (1er), Lucas Urbain (2\u00e8me)<\/p><\/div><br \/>\nQue dire de cette cat\u00e9gorie ou 7 pilotes se disputaient la victoire. Une superbe course entre les Yokomo&rsquo;boys Francais du MRC qui r\u00e9ussiront \u00e0 se d\u00e9partager de seulement 0.15s \u00e0 l&rsquo;issue des qualifications \u00e0 l&rsquo;avantage de Loic. Aux termes des finales c&rsquo;est Loic Jasmin (YOKOMO) qui l&#8217;emporte, devant Lucas Urbain(YOKOMO) et Joe Stref(XRAY). De belles bagarres et surtout un grand spectacle que nous ont offert tous ces pilotes MODIFIED.<\/p>\n<p>1\/12:<br \/>\n<div id=\"attachment_200\" style=\"width: 550px\" class=\"wp-caption alignnone\"><a href=\"http:\/\/www.mrc-longwy.fr\/wp-content\/uploads\/2011\/10\/DSC_0652.jpg\"><img loading=\"lazy\" decoding=\"async\" aria-describedby=\"caption-attachment-200\" src=\"http:\/\/www.mrc-longwy.fr\/wp-content\/uploads\/2011\/10\/DSC_0652-1024x678.jpg\" alt=\"\" title=\"DSC_0652\" width=\"540\" height=\"357\" class=\"size-large wp-image-200\" srcset=\"https:\/\/www.mrc-longwy.fr\/wp-content\/uploads\/2011\/10\/DSC_0652-1024x678.jpg 1024w, https:\/\/www.mrc-longwy.fr\/wp-content\/uploads\/2011\/10\/DSC_0652-300x198.jpg 300w\" sizes=\"auto, (max-width: 540px) 100vw, 540px\" \/><\/a><p id=\"caption-attachment-200\" class=\"wp-caption-text\">Clavey J\u00e9r\u00e9my(2\u00e8me), Jost Julien (1er), Albina Nicolas (3\u00e8me)<\/p><\/div><br \/>\n5 pilotes \u00e9taient inscrits dans cette cat\u00e9gorie. Le team Alien Racing avait fait le d\u00e9placement pour mettre au point la nouvelle Legend R12.1. Apr\u00e8s de belle finales domini\u00e9es par le pilotes Monbrisonnais, c&rsquo;est une victoire m\u00e9rit\u00e9e qui reviendra \u00e0 Julien Jost, suivi de J\u00e9r\u00e9my Clavey et en 3\u00e9me position Nicolas Albina. Bravo \u00e0 vous pour le spectacle<\/p>\n<p>Tous les r\u00e9sultats sont disponible en ligne sur myrcm : <a href=\"http:\/\/www.myrcm.ch\/main?pLa=fr&#038;hId[1]=arv&#038;dId[E]=6897\" title=\"R\u00e9sultats\" target=\"_blank\"><\/a> <\/p>\n<p>Merci \u00e0 tous les pilotes qui ont fait le d\u00e9placement, en esp\u00e9rant que vous avez tous pass\u00e9 un bon we de course au MRC LONGWY.<br \/>\nToute l&rsquo;\u00e9quipe du MRC vous invite \u00e0 revenir encore plus nombreux \u00e0 la prochaine amicale qui aura lieu le 6 Novembre.<br \/>\nA tr\u00e8s vite,<br \/>\nMika<\/p>\n<p>Quelques photos en vrac:<br \/>\n<a href=\"http:\/\/www.mrc-longwy.fr\/wp-content\/uploads\/2011\/10\/DSC_0425.jpg\"><img loading=\"lazy\" decoding=\"async\" src=\"http:\/\/www.mrc-longwy.fr\/wp-content\/uploads\/2011\/10\/DSC_0425-1024x678.jpg\" alt=\"\" title=\"DSC_0425\" width=\"540\" height=\"357\" class=\"alignnone size-large wp-image-201\" srcset=\"https:\/\/www.mrc-longwy.fr\/wp-content\/uploads\/2011\/10\/DSC_0425-1024x678.jpg 1024w, https:\/\/www.mrc-longwy.fr\/wp-content\/uploads\/2011\/10\/DSC_0425-300x198.jpg 300w\" sizes=\"auto, (max-width: 540px) 100vw, 540px\" \/><\/a><br \/>\n<a href=\"http:\/\/www.mrc-longwy.fr\/wp-content\/uploads\/2011\/10\/DSC_0438.jpg\"><img loading=\"lazy\" decoding=\"async\" src=\"http:\/\/www.mrc-longwy.fr\/wp-content\/uploads\/2011\/10\/DSC_0438-1024x678.jpg\" alt=\"\" title=\"DSC_0438\" width=\"540\" height=\"357\" class=\"alignnone size-large wp-image-204\" srcset=\"https:\/\/www.mrc-longwy.fr\/wp-content\/uploads\/2011\/10\/DSC_0438-1024x678.jpg 1024w, https:\/\/www.mrc-longwy.fr\/wp-content\/uploads\/2011\/10\/DSC_0438-300x198.jpg 300w\" sizes=\"auto, (max-width: 540px) 100vw, 540px\" \/><\/a><br \/>\n<a href=\"http:\/\/www.mrc-longwy.fr\/wp-content\/uploads\/2011\/10\/DSC_0457.jpg\"><img loading=\"lazy\" decoding=\"async\" src=\"http:\/\/www.mrc-longwy.fr\/wp-content\/uploads\/2011\/10\/DSC_0457-1024x678.jpg\" alt=\"\" title=\"DSC_0457\" width=\"540\" height=\"357\" class=\"alignnone size-large wp-image-205\" srcset=\"https:\/\/www.mrc-longwy.fr\/wp-content\/uploads\/2011\/10\/DSC_0457-1024x678.jpg 1024w, https:\/\/www.mrc-longwy.fr\/wp-content\/uploads\/2011\/10\/DSC_0457-300x198.jpg 300w\" sizes=\"auto, (max-width: 540px) 100vw, 540px\" \/><\/a><br \/>\n<a href=\"http:\/\/www.mrc-longwy.fr\/wp-content\/uploads\/2011\/10\/DSC_0470.jpg\"><img loading=\"lazy\" decoding=\"async\" src=\"http:\/\/www.mrc-longwy.fr\/wp-content\/uploads\/2011\/10\/DSC_0470-1024x678.jpg\" alt=\"\" title=\"DSC_0470\" width=\"540\" height=\"357\" class=\"alignnone size-large wp-image-206\" srcset=\"https:\/\/www.mrc-longwy.fr\/wp-content\/uploads\/2011\/10\/DSC_0470-1024x678.jpg 1024w, https:\/\/www.mrc-longwy.fr\/wp-content\/uploads\/2011\/10\/DSC_0470-300x198.jpg 300w\" sizes=\"auto, (max-width: 540px) 100vw, 540px\" \/><\/a><br \/>\n<a href=\"http:\/\/www.mrc-longwy.fr\/wp-content\/uploads\/2011\/10\/DSC_0485.jpg\"><img loading=\"lazy\" decoding=\"async\" src=\"http:\/\/www.mrc-longwy.fr\/wp-content\/uploads\/2011\/10\/DSC_0485-1024x678.jpg\" alt=\"\" title=\"DSC_0485\" width=\"540\" height=\"357\" class=\"alignnone size-large wp-image-207\" srcset=\"https:\/\/www.mrc-longwy.fr\/wp-content\/uploads\/2011\/10\/DSC_0485-1024x678.jpg 1024w, https:\/\/www.mrc-longwy.fr\/wp-content\/uploads\/2011\/10\/DSC_0485-300x198.jpg 300w\" sizes=\"auto, (max-width: 540px) 100vw, 540px\" \/><\/a><a href=\"http:\/\/www.mrc-longwy.fr\/wp-content\/uploads\/2011\/10\/DSC_0495.jpg\"><img loading=\"lazy\" decoding=\"async\" src=\"http:\/\/www.mrc-longwy.fr\/wp-content\/uploads\/2011\/10\/DSC_0495-678x1024.jpg\" alt=\"\" title=\"DSC_0495\" width=\"540\" height=\"815\" class=\"alignnone size-large wp-image-208\" srcset=\"https:\/\/www.mrc-longwy.fr\/wp-content\/uploads\/2011\/10\/DSC_0495-678x1024.jpg 678w, https:\/\/www.mrc-longwy.fr\/wp-content\/uploads\/2011\/10\/DSC_0495-198x300.jpg 198w\" sizes=\"auto, (max-width: 540px) 100vw, 540px\" \/><\/a><br \/>\n<a href=\"http:\/\/www.mrc-longwy.fr\/wp-content\/uploads\/2011\/10\/DSC_0499.jpg\"><img loading=\"lazy\" decoding=\"async\" src=\"http:\/\/www.mrc-longwy.fr\/wp-content\/uploads\/2011\/10\/DSC_0499-1024x678.jpg\" alt=\"\" title=\"DSC_0499\" width=\"540\" height=\"357\" class=\"alignnone size-large wp-image-209\" srcset=\"https:\/\/www.mrc-longwy.fr\/wp-content\/uploads\/2011\/10\/DSC_0499-1024x678.jpg 1024w, https:\/\/www.mrc-longwy.fr\/wp-content\/uploads\/2011\/10\/DSC_0499-300x198.jpg 300w\" sizes=\"auto, (max-width: 540px) 100vw, 540px\" \/><\/a><br \/>\n<a href=\"http:\/\/www.mrc-longwy.fr\/wp-content\/uploads\/2011\/10\/DSC_0500.jpg\"><img loading=\"lazy\" decoding=\"async\" src=\"http:\/\/www.mrc-longwy.fr\/wp-content\/uploads\/2011\/10\/DSC_0500-1024x678.jpg\" alt=\"\" title=\"DSC_0500\" width=\"540\" height=\"357\" class=\"alignnone size-large wp-image-210\" srcset=\"https:\/\/www.mrc-longwy.fr\/wp-content\/uploads\/2011\/10\/DSC_0500-1024x678.jpg 1024w, https:\/\/www.mrc-longwy.fr\/wp-content\/uploads\/2011\/10\/DSC_0500-300x198.jpg 300w\" sizes=\"auto, (max-width: 540px) 100vw, 540px\" \/><\/a><br \/>\n<a href=\"http:\/\/www.mrc-longwy.fr\/wp-content\/uploads\/2011\/10\/DSC_0503.jpg\"><img loading=\"lazy\" decoding=\"async\" src=\"http:\/\/www.mrc-longwy.fr\/wp-content\/uploads\/2011\/10\/DSC_0503-1024x678.jpg\" alt=\"\" title=\"DSC_0503\" width=\"540\" height=\"357\" class=\"alignnone size-large wp-image-211\" srcset=\"https:\/\/www.mrc-longwy.fr\/wp-content\/uploads\/2011\/10\/DSC_0503-1024x678.jpg 1024w, https:\/\/www.mrc-longwy.fr\/wp-content\/uploads\/2011\/10\/DSC_0503-300x198.jpg 300w\" sizes=\"auto, (max-width: 540px) 100vw, 540px\" \/><\/a><br \/>\n<a href=\"http:\/\/www.mrc-longwy.fr\/wp-content\/uploads\/2011\/10\/DSC_0439.jpg\"><img loading=\"lazy\" decoding=\"async\" src=\"http:\/\/www.mrc-longwy.fr\/wp-content\/uploads\/2011\/10\/DSC_0439-1024x678.jpg\" alt=\"\" title=\"DSC_0439\" width=\"540\" height=\"357\" class=\"alignnone size-large wp-image-214\" srcset=\"https:\/\/www.mrc-longwy.fr\/wp-content\/uploads\/2011\/10\/DSC_0439-1024x678.jpg 1024w, https:\/\/www.mrc-longwy.fr\/wp-content\/uploads\/2011\/10\/DSC_0439-300x198.jpg 300w\" sizes=\"auto, (max-width: 540px) 100vw, 540px\" \/><\/a><br \/>\n<a href=\"http:\/\/www.mrc-longwy.fr\/wp-content\/uploads\/2011\/10\/DSC_0523.jpg\"><img loading=\"lazy\" decoding=\"async\" src=\"http:\/\/www.mrc-longwy.fr\/wp-content\/uploads\/2011\/10\/DSC_0523-1024x678.jpg\" alt=\"\" title=\"DSC_0523\" width=\"540\" height=\"357\" class=\"alignnone size-large wp-image-215\" srcset=\"https:\/\/www.mrc-longwy.fr\/wp-content\/uploads\/2011\/10\/DSC_0523-1024x678.jpg 1024w, https:\/\/www.mrc-longwy.fr\/wp-content\/uploads\/2011\/10\/DSC_0523-300x198.jpg 300w\" sizes=\"auto, (max-width: 540px) 100vw, 540px\" \/><\/a><br \/>\n<a href=\"http:\/\/www.mrc-longwy.fr\/wp-content\/uploads\/2011\/10\/DSC_0525.jpg\"><img loading=\"lazy\" decoding=\"async\" src=\"http:\/\/www.mrc-longwy.fr\/wp-content\/uploads\/2011\/10\/DSC_0525-1024x678.jpg\" alt=\"\" title=\"DSC_0525\" width=\"540\" height=\"357\" class=\"alignnone size-large wp-image-216\" srcset=\"https:\/\/www.mrc-longwy.fr\/wp-content\/uploads\/2011\/10\/DSC_0525-1024x678.jpg 1024w, https:\/\/www.mrc-longwy.fr\/wp-content\/uploads\/2011\/10\/DSC_0525-300x198.jpg 300w\" sizes=\"auto, (max-width: 540px) 100vw, 540px\" \/><\/a><br \/>\n<a href=\"http:\/\/www.mrc-longwy.fr\/wp-content\/uploads\/2011\/10\/DSC_0533.jpg\"><img loading=\"lazy\" decoding=\"async\" src=\"http:\/\/www.mrc-longwy.fr\/wp-content\/uploads\/2011\/10\/DSC_0533-1024x678.jpg\" alt=\"\" title=\"DSC_0533\" width=\"540\" height=\"357\" class=\"alignnone size-large wp-image-217\" srcset=\"https:\/\/www.mrc-longwy.fr\/wp-content\/uploads\/2011\/10\/DSC_0533-1024x678.jpg 1024w, https:\/\/www.mrc-longwy.fr\/wp-content\/uploads\/2011\/10\/DSC_0533-300x198.jpg 300w\" sizes=\"auto, (max-width: 540px) 100vw, 540px\" \/><\/a><br \/>\n<a href=\"http:\/\/www.mrc-longwy.fr\/wp-content\/uploads\/2011\/10\/DSC_0602.jpg\"><img loading=\"lazy\" decoding=\"async\" src=\"http:\/\/www.mrc-longwy.fr\/wp-content\/uploads\/2011\/10\/DSC_0602-1024x678.jpg\" alt=\"\" title=\"DSC_0602\" width=\"540\" height=\"357\" class=\"alignnone size-large wp-image-218\" srcset=\"https:\/\/www.mrc-longwy.fr\/wp-content\/uploads\/2011\/10\/DSC_0602-1024x678.jpg 1024w, https:\/\/www.mrc-longwy.fr\/wp-content\/uploads\/2011\/10\/DSC_0602-300x198.jpg 300w\" sizes=\"auto, (max-width: 540px) 100vw, 540px\" \/><\/a><\/p>\n","protected":false},"excerpt":{"rendered":"<p>La 1\u00e9re Amicale vient d&rsquo;avoir lieu et annonce encore une belle saison hivernale pour le MRC LONGWY. Pour cette manche de reprise 50 pilotes avait fait le d\u00e9placement r\u00e9partis dans 5 cat\u00e9gories. Le trac\u00e9 tr\u00e8s roulant donnait un rythme tr\u00e8s [&hellip;] <a class=\"more-link\" href=\"https:\/\/www.mrc-longwy.fr\/?p=193\">&darr; Read the rest of this entry&#8230;<\/a><\/p>\n","protected":false},"author":4,"featured_media":0,"comment_status":"open","ping_status":"open","sticky":false,"template":"","format":"standard","meta":{"footnotes":""},"categories":[1],"tags":[],"class_list":["post-193","post","type-post","status-publish","format-standard","hentry","category-non-classe","uentry","postonpage-1","odd","post-author-mika"],"_links":{"self":[{"href":"https:\/\/www.mrc-longwy.fr\/index.php?rest_route=\/wp\/v2\/posts\/193","targetHints":{"allow":["GET"]}}],"collection":[{"href":"https:\/\/www.mrc-longwy.fr\/index.php?rest_route=\/wp\/v2\/posts"}],"about":[{"href":"https:\/\/www.mrc-longwy.fr\/index.php?rest_route=\/wp\/v2\/types\/post"}],"author":[{"embeddable":true,"href":"https:\/\/www.mrc-longwy.fr\/index.php?rest_route=\/wp\/v2\/users\/4"}],"replies":[{"embeddable":true,"href":"https:\/\/www.mrc-longwy.fr\/index.php?rest_route=%2Fwp%2Fv2%2Fcomments&post=193"}],"version-history":[{"count":7,"href":"https:\/\/www.mrc-longwy.fr\/index.php?rest_route=\/wp\/v2\/posts\/193\/revisions"}],"predecessor-version":[{"id":220,"href":"https:\/\/www.mrc-longwy.fr\/index.php?rest_route=\/wp\/v2\/posts\/193\/revisions\/220"}],"wp:attachment":[{"href":"https:\/\/www.mrc-longwy.fr\/index.php?rest_route=%2Fwp%2Fv2%2Fmedia&parent=193"}],"wp:term":[{"taxonomy":"category","embeddable":true,"href":"https:\/\/www.mrc-longwy.fr\/index.php?rest_route=%2Fwp%2Fv2%2Fcategories&post=193"},{"taxonomy":"post_tag","embeddable":true,"href":"https:\/\/www.mrc-longwy.fr\/index.php?rest_route=%2Fwp%2Fv2%2Ftags&post=193"}],"curies":[{"name":"wp","href":"https:\/\/api.w.org\/{rel}","templated":true}]}}