{"id":1667,"date":"2022-01-18T05:30:17","date_gmt":"2022-01-18T03:30:17","guid":{"rendered":"http:\/\/www.mrc-longwy.fr\/?p=1667"},"modified":"2022-01-18T05:31:03","modified_gmt":"2022-01-18T03:31:03","slug":"gp3f-17-nouvelle-date-56-mars-2022","status":"publish","type":"post","link":"https:\/\/www.mrc-longwy.fr\/?p=1667","title":{"rendered":"GP3F #17: Nouvelle date: 5&#038;6 Mars 2022"},"content":{"rendered":"<div class=\"kvgmc6g5 cxmmr5t8 oygrvhab hcukyx3x c1et5uql ii04i59q\">\n<div dir=\"auto\"><a href=\"http:\/\/www.mrc-longwy.fr\/wp-content\/uploads\/2022\/01\/affiche-gp3F-2022new-date.png\"><img loading=\"lazy\" decoding=\"async\" class=\"aligncenter wp-image-1668\" src=\"http:\/\/www.mrc-longwy.fr\/wp-content\/uploads\/2022\/01\/affiche-gp3F-2022new-date.png\" alt=\"\" width=\"487\" height=\"284\" srcset=\"https:\/\/www.mrc-longwy.fr\/wp-content\/uploads\/2022\/01\/affiche-gp3F-2022new-date.png 926w, https:\/\/www.mrc-longwy.fr\/wp-content\/uploads\/2022\/01\/affiche-gp3F-2022new-date-300x175.png 300w, https:\/\/www.mrc-longwy.fr\/wp-content\/uploads\/2022\/01\/affiche-gp3F-2022new-date-768x448.png 768w\" sizes=\"auto, (max-width: 487px) 100vw, 487px\" \/><\/a><\/div>\n<div dir=\"auto\">\u00a0<span class=\"pq6dq46d tbxw36s4 knj5qynh kvgmc6g5 ditlmg2l oygrvhab nvdbi5me sf5mxxl7 gl3lb2sf hhz5lgdu\"><img loading=\"lazy\" decoding=\"async\" src=\"https:\/\/www.facebook.com\/images\/emoji.php\/v9\/t45\/1\/16\/1f6a8.png\" alt=\"&#x1f6a8;\" width=\"16\" height=\"16\" \/><\/span>GP3F #17: New Date : 5&amp;6 Mars 2022 <span class=\"pq6dq46d tbxw36s4 knj5qynh kvgmc6g5 ditlmg2l oygrvhab nvdbi5me sf5mxxl7 gl3lb2sf hhz5lgdu\"><img loading=\"lazy\" decoding=\"async\" src=\"https:\/\/www.facebook.com\/images\/emoji.php\/v9\/t45\/1\/16\/1f6a8.png\" alt=\"&#x1f6a8;\" width=\"16\" height=\"16\" \/><\/span><\/div>\n<div dir=\"auto\">Bonne nouvelle amis pilotes,<\/div>\n<div dir=\"auto\">Le 17\u00e8me Grand Prix des 3 Fronti\u00e8res aura lieu le week-end du 5&amp;6 Mars 2022 dans la salle Bassompierre de Longwy ( m\u00eame salle que les pr\u00e9c\u00e9dentes \u00e9ditions)<\/div>\n<div dir=\"auto\">En premier lieu, nous avions d\u00e9cid\u00e9 de rembourser tout le monde et de r\u00e9ouvrir les inscriptions plus tard. Mais nous avons \u00e9t\u00e9 confront\u00e9s \u00e0 un soucis avec les remboursements par virement bancaire ce qui a allong\u00e9 le processus.<\/div>\n<div dir=\"auto\">De ce fait, et avec l\u2019accord trouv\u00e9 avec notre mairie, nous avons donc d\u00e9cid\u00e9 de maintenir les inscriptions pour l\u2019\u00e9dition report\u00e9e au 5&amp;6 Mars.<\/div>\n<div dir=\"auto\">Du coup, nous vous laissons jusqu\u2019au vendredi 28 janvier pour nous indiquer si vous voulez annuler votre inscription. Pour faire \u00e7a, il suffit de nous envoyer un e-mail \u00e0 mikajasmin@yahoo.com en pr\u00e9cisant remboursement par PayPal ou par virement bancaire avec absolument votre IBAN.<\/div>\n<\/div>\n<div class=\"cxmmr5t8 oygrvhab hcukyx3x c1et5uql o9v6fnle ii04i59q\">\n<div dir=\"auto\">Ensuite les inscriptions ouvriront de nouveau le lundi 7 f\u00e9vrier \u00e0 20h sur myrcm pour ceux pas encore inscrit et souhaitant participer \u00e0 la course Touring \u00e0 ne pas louper <span class=\"pq6dq46d tbxw36s4 knj5qynh kvgmc6g5 ditlmg2l oygrvhab nvdbi5me sf5mxxl7 gl3lb2sf hhz5lgdu\"><img loading=\"lazy\" decoding=\"async\" src=\"https:\/\/www.facebook.com\/images\/emoji.php\/v9\/t20\/1\/16\/1f61c.png\" alt=\"&#x1f61c;\" width=\"16\" height=\"16\" \/><\/span><\/div>\n<\/div>\n<div class=\"cxmmr5t8 oygrvhab hcukyx3x c1et5uql o9v6fnle ii04i59q\">\n<div dir=\"auto\">COVID: en France, jusqu\u2019au 25 janvier, il est interdit de se restaurer et de boire dans les salles de sports. Vous comprenez que c\u2019est impossible de vous recevoir dans de bonnes conditions avec cette contrainte. Nous croisons les doigts pour que cette mesure soit lev\u00e9e d\u2019ici le 5&amp;6 mars car sans \u00e7a, nous serons oblig\u00e9s d\u2019annuler d\u00e9finitivement cette 17\u00e8me \u00e9dition.<\/div>\n<\/div>\n<div class=\"cxmmr5t8 oygrvhab hcukyx3x c1et5uql o9v6fnle ii04i59q\">\n<div dir=\"auto\">Pour la course en elle m\u00eame, rien ne change hormis la date. Vous pouvez retrouver les infos techniques sur le site du club <a class=\"oajrlxb2 g5ia77u1 qu0x051f esr5mh6w e9989ue4 r7d6kgcz rq0escxv nhd2j8a9 nc684nl6 p7hjln8o kvgmc6g5 cxmmr5t8 oygrvhab hcukyx3x jb3vyjys rz4wbd8a qt6c0cv9 a8nywdso i1ao9s8h esuyzwwr f1sip0of lzcic4wl gpro0wi8 py34i1dx\" tabindex=\"0\" role=\"link\" href=\"https:\/\/l.facebook.com\/l.php?u=http%3A%2F%2Fwww.mrc-longwy.fr%2F%3Ffbclid%3DIwAR2Hxzu_9VikALvJNeul0pUJ1Kw1gWnwnush8idvgqSqFB_pBX0BU16L0vw&amp;h=AT3KLZCEe8OJQTlypVHDW2TlM2hCCfh87wO3pLSyQ24TCIGpfLMJ0zvTcjdX1GMjhbeisDXuifHP5bm2O5gKVRpOZBYBaEzTtneKsl6OYlQZvQpEts2AlAMH7tiGYZt_UCqFFyE&amp;__tn__=-UK-R&amp;c[0]=AT1E-F_wC33hXvZ2n7kv90WrQYevJ9qz95u2ORARVf2LJ2LkjIGR7hYItRBRP0FC6cLhZH9pwOXM5uxZOIEFrVeGSmfEMRvyCRup9rCp0IlxUWfOtiymfZDMWzIQw6Kjujd20i4wwNsAGH6dRvE99VHqW5J5YlZEzLYwKIiqiCn_q-idk5jWO65JWltVm0gfRwJLZfyF\" target=\"_blank\" rel=\"nofollow noopener\">www.mrc-longwy.fr.<\/a><\/div>\n<div dir=\"auto\">Pour toutes infos compl\u00e9mentaires, vous pouvez nous contacter directement sur la page Facebook du club ou sur mrclongwy@live.fr<\/div>\n<div dir=\"auto\">En esp\u00e9rant vous voir nombreux \u00e0 cette 17\u00e8me \u00e9dition.<\/div>\n<div dir=\"auto\">\u00c0 tr\u00e8s vite pour un super week-end de course.<\/div>\n<div dir=\"auto\">MRC Longwy, the place to be <span class=\"pq6dq46d tbxw36s4 knj5qynh kvgmc6g5 ditlmg2l oygrvhab nvdbi5me sf5mxxl7 gl3lb2sf hhz5lgdu\"><img loading=\"lazy\" decoding=\"async\" src=\"https:\/\/www.facebook.com\/images\/emoji.php\/v9\/t20\/1\/16\/1f61c.png\" alt=\"&#x1f61c;\" width=\"16\" height=\"16\" \/><\/span><\/div>\n<div dir=\"auto\">\u2014\u2014\u2014\u2014\u2014\u2014\u2014\u2014\u2014\u2014\u2014\u2014-<\/div>\n<div dir=\"auto\">Good news dear drivers,<\/div>\n<div dir=\"auto\">The 17th Grand Prix des 3 Fronti\u00e8res will take place on the weekend of March 5 &amp; 6, 2022 in the Bassompierre hall in Longwy (same room as the previous editions)<\/div>\n<div dir=\"auto\">First, we decided to reimburse everyone and reopen registrations later. But we had a problem with the refunds by wire transfer which lengthened the process.<\/div>\n<div dir=\"auto\">As a result, and with the agreement reached with our town hall, we have therefore decided to maintain registrations for the edition postponed to March 5 &amp; 6.<\/div>\n<div dir=\"auto\">So we&rsquo;re leaving you until Friday January 28 to let us know if you want to cancel your registration. To do this, just send us an e-mail at mikajasmin@yahoo.com specifying reimbursement by PayPal or by bank transfer with absolutely your IBAN.<\/div>\n<\/div>\n<div class=\"cxmmr5t8 oygrvhab hcukyx3x c1et5uql o9v6fnle ii04i59q\">\n<div dir=\"auto\">Then the registrations will open again on Monday February 7 at 8 p.m. on myrcm for those not yet registered and wishing to participate in the Touring race not to be missed <span class=\"pq6dq46d tbxw36s4 knj5qynh kvgmc6g5 ditlmg2l oygrvhab nvdbi5me sf5mxxl7 gl3lb2sf hhz5lgdu\"><img loading=\"lazy\" decoding=\"async\" src=\"https:\/\/www.facebook.com\/images\/emoji.php\/v9\/t20\/1\/16\/1f61c.png\" alt=\"&#x1f61c;\" width=\"16\" height=\"16\" \/><\/span><\/div>\n<\/div>\n<div class=\"cxmmr5t8 oygrvhab hcukyx3x c1et5uql o9v6fnle ii04i59q\">\n<div dir=\"auto\">COVID: in France, until January 25, it is forbidden to eat and drink in sports halls. You understand that it is impossible to receive you in good conditions with this constraint. We keep our fingers crossed for this measure to be lifted by March 5 &amp; 6 because without it, we will be forced to permanently cancel this 17th edition.<\/div>\n<\/div>\n<div class=\"cxmmr5t8 oygrvhab hcukyx3x c1et5uql o9v6fnle ii04i59q\">\n<div dir=\"auto\">For the race itself, nothing changes except the date. You can find technical information on the club&rsquo;s website <a class=\"oajrlxb2 g5ia77u1 qu0x051f esr5mh6w e9989ue4 r7d6kgcz rq0escxv nhd2j8a9 nc684nl6 p7hjln8o kvgmc6g5 cxmmr5t8 oygrvhab hcukyx3x jb3vyjys rz4wbd8a qt6c0cv9 a8nywdso i1ao9s8h esuyzwwr f1sip0of lzcic4wl gpro0wi8 py34i1dx\" tabindex=\"0\" role=\"link\" href=\"https:\/\/l.facebook.com\/l.php?u=http%3A%2F%2Fwww.mrc-longwy.fr%2F%3Ffbclid%3DIwAR0Mkn3cgYG5OHz2HUrcsIEwOFFTKS5KAvEfuWrhHm4N6Q5nmvGccpwudto&amp;h=AT3KLZCEe8OJQTlypVHDW2TlM2hCCfh87wO3pLSyQ24TCIGpfLMJ0zvTcjdX1GMjhbeisDXuifHP5bm2O5gKVRpOZBYBaEzTtneKsl6OYlQZvQpEts2AlAMH7tiGYZt_UCqFFyE&amp;__tn__=-UK-R&amp;c[0]=AT1E-F_wC33hXvZ2n7kv90WrQYevJ9qz95u2ORARVf2LJ2LkjIGR7hYItRBRP0FC6cLhZH9pwOXM5uxZOIEFrVeGSmfEMRvyCRup9rCp0IlxUWfOtiymfZDMWzIQw6Kjujd20i4wwNsAGH6dRvE99VHqW5J5YlZEzLYwKIiqiCn_q-idk5jWO65JWltVm0gfRwJLZfyF\" target=\"_blank\" rel=\"nofollow noopener\">www.mrc-longwy.fr.<\/a><\/div>\n<div dir=\"auto\">For any additional information, you can contact us directly on the club&rsquo;s Facebook page or on mrclongwy@live.fr<\/div>\n<div dir=\"auto\">Hope to see many of you at this 17th edition.<\/div>\n<div dir=\"auto\">See you soon for a great racing weekend.<\/div>\n<div dir=\"auto\">MRC Longwy, the place to be <span class=\"pq6dq46d tbxw36s4 knj5qynh kvgmc6g5 ditlmg2l oygrvhab nvdbi5me sf5mxxl7 gl3lb2sf hhz5lgdu\"><img loading=\"lazy\" decoding=\"async\" src=\"https:\/\/www.facebook.com\/images\/emoji.php\/v9\/t20\/1\/16\/1f61c.png\" alt=\"&#x1f61c;\" width=\"16\" height=\"16\" \/><\/span><\/div>\n<\/div>\n","protected":false},"excerpt":{"rendered":"<p>\u00a0GP3F #17: New Date : 5&amp;6 Mars 2022 Bonne nouvelle amis pilotes, Le 17\u00e8me Grand Prix des 3 Fronti\u00e8res aura lieu le week-end du 5&amp;6 Mars 2022 dans la salle Bassompierre de Longwy ( m\u00eame salle que les pr\u00e9c\u00e9dentes \u00e9ditions) [&hellip;] <a class=\"more-link\" href=\"https:\/\/www.mrc-longwy.fr\/?p=1667\">&darr; Read the rest of this entry&#8230;<\/a><\/p>\n","protected":false},"author":4,"featured_media":0,"comment_status":"closed","ping_status":"open","sticky":false,"template":"","format":"standard","meta":{"footnotes":""},"categories":[1],"tags":[],"class_list":["post-1667","post","type-post","status-publish","format-standard","hentry","category-non-classe","uentry","postonpage-1","odd","post-author-mika"],"_links":{"self":[{"href":"https:\/\/www.mrc-longwy.fr\/index.php?rest_route=\/wp\/v2\/posts\/1667","targetHints":{"allow":["GET"]}}],"collection":[{"href":"https:\/\/www.mrc-longwy.fr\/index.php?rest_route=\/wp\/v2\/posts"}],"about":[{"href":"https:\/\/www.mrc-longwy.fr\/index.php?rest_route=\/wp\/v2\/types\/post"}],"author":[{"embeddable":true,"href":"https:\/\/www.mrc-longwy.fr\/index.php?rest_route=\/wp\/v2\/users\/4"}],"replies":[{"embeddable":true,"href":"https:\/\/www.mrc-longwy.fr\/index.php?rest_route=%2Fwp%2Fv2%2Fcomments&post=1667"}],"version-history":[{"count":2,"href":"https:\/\/www.mrc-longwy.fr\/index.php?rest_route=\/wp\/v2\/posts\/1667\/revisions"}],"predecessor-version":[{"id":1670,"href":"https:\/\/www.mrc-longwy.fr\/index.php?rest_route=\/wp\/v2\/posts\/1667\/revisions\/1670"}],"wp:attachment":[{"href":"https:\/\/www.mrc-longwy.fr\/index.php?rest_route=%2Fwp%2Fv2%2Fmedia&parent=1667"}],"wp:term":[{"taxonomy":"category","embeddable":true,"href":"https:\/\/www.mrc-longwy.fr\/index.php?rest_route=%2Fwp%2Fv2%2Fcategories&post=1667"},{"taxonomy":"post_tag","embeddable":true,"href":"https:\/\/www.mrc-longwy.fr\/index.php?rest_route=%2Fwp%2Fv2%2Ftags&post=1667"}],"curies":[{"name":"wp","href":"https:\/\/api.w.org\/{rel}","templated":true}]}}