{"id":1645,"date":"2021-09-23T17:20:37","date_gmt":"2021-09-23T15:20:37","guid":{"rendered":"http:\/\/www.mrc-longwy.fr\/?p=1645"},"modified":"2021-09-23T17:20:59","modified_gmt":"2021-09-23T15:20:59","slug":"mrc-longwy-calendrier-2021-2022","status":"publish","type":"post","link":"https:\/\/www.mrc-longwy.fr\/?p=1645","title":{"rendered":"MRC Longwy : Calendrier 2021\/2022"},"content":{"rendered":"<div class=\"kvgmc6g5 cxmmr5t8 oygrvhab hcukyx3x c1et5uql ii04i59q\">\n<div dir=\"auto\"><a href=\"http:\/\/www.mrc-longwy.fr\/wp-content\/uploads\/2021\/09\/calendrier-2021-2022.png\"><img loading=\"lazy\" decoding=\"async\" class=\"aligncenter wp-image-1646\" src=\"http:\/\/www.mrc-longwy.fr\/wp-content\/uploads\/2021\/09\/calendrier-2021-2022.png\" alt=\"\" width=\"486\" height=\"470\" srcset=\"https:\/\/www.mrc-longwy.fr\/wp-content\/uploads\/2021\/09\/calendrier-2021-2022.png 719w, https:\/\/www.mrc-longwy.fr\/wp-content\/uploads\/2021\/09\/calendrier-2021-2022-300x290.png 300w\" sizes=\"auto, (max-width: 486px) 100vw, 486px\" \/><\/a><\/div>\n<div dir=\"auto\"><img loading=\"lazy\" decoding=\"async\" src=\"https:\/\/static.xx.fbcdn.net\/images\/emoji.php\/v9\/t45\/1\/16\/1f6a8.png\" alt=\"&#x1f6a8;\" width=\"16\" height=\"16\" \/>MRC LONGWY : Calendrier hivernal 2021\/2022<img loading=\"lazy\" decoding=\"async\" src=\"https:\/\/static.xx.fbcdn.net\/images\/emoji.php\/v9\/t45\/1\/16\/1f6a8.png\" alt=\"&#x1f6a8;\" width=\"16\" height=\"16\" \/><\/div>\n<div dir=\"auto\">Chers pilotes,<\/div>\n<div dir=\"auto\">Le MRC Longwy est heureux de vous annoncer que nous sommes de retour cette ann\u00e9e avec au programme de beaux week-end de course.<\/div>\n<div dir=\"auto\">Comme chaque saison, nous vous proposons notre challenge hivernal ainsi que notre traditionnel GP3F.<\/div>\n<div dir=\"auto\">Seule nouveaut\u00e9 cette saison : l\u2019apparition de la Coupe d\u2019hiver en f\u00e9vrier (course FFVRC, r\u00e9serv\u00e9e aux pilotes licenci\u00e9s) avec les cat\u00e9gories habituelles du Championnat de France.<\/div>\n<div dir=\"auto\">Les Winter S\u00e9ries se d\u00e9rouleront dans la salle G\u00e9rard de Kanel mais rien de nouveau pour les cat\u00e9gories propos\u00e9es : Rookie, Formule 1, Fronty , Stock 17,5, Stock 13,5 et Modified.<\/div>\n<div dir=\"auto\">Comme toujours, la piste sera accessible d\u00e8s le samedi pour des essais par s\u00e9ries de 16h \u00e0 minuit. Le dimanche sera lui r\u00e9serv\u00e9 \u00e0 la course avec 3 qualifs et 3 finales pour tout le monde.<\/div>\n<div dir=\"auto\">Toutes les infos et r\u00e8glements sont disponibles sur notre site <a class=\"oajrlxb2 g5ia77u1 qu0x051f esr5mh6w e9989ue4 r7d6kgcz rq0escxv nhd2j8a9 nc684nl6 p7hjln8o kvgmc6g5 cxmmr5t8 oygrvhab hcukyx3x jb3vyjys rz4wbd8a qt6c0cv9 a8nywdso i1ao9s8h esuyzwwr f1sip0of lzcic4wl py34i1dx gpro0wi8\" tabindex=\"0\" role=\"link\" href=\"https:\/\/l.facebook.com\/l.php?u=http%3A%2F%2Fwww.mrc-longwy.fr%2F%3Ffbclid%3DIwAR3diKqzhLsTvCZm6u5X-LBI81fb1oGjQSJVBf-FA8jsEiAWBwY4sL4KyRI&amp;h=AT0aSJaw849dzYG1v47yGs3ywmS5s61YlzMtQMyaORs4s00KmtI9nyRnDDpThdj5NdJ4mryH2Ufxkg_44Lj6nzQWKuadw6cSJ9e5Rdpcx4R3oqmjOY6BISVcOpSz_ys72DEDgAs&amp;__tn__=-UK-R&amp;c[0]=AT1SPGJbEcVtWnQ3fGHowyo6d1gpr_cuevuy4iSxSaeGk-tVup0IbIKmf_71BlW3u_-IEPA4k0llUGIEQ2n9Hh_VET0LCXsc89pNYUQuL8fTZRTlswRbwICXXwXtL8AtGfF9RuSIKQGlyspoRBRNLkDxCVnaFqXL9sFz993g1SJa7yDngFnaFTeQivFkghKGiFZAQ4-Y\" target=\"_blank\" rel=\"nofollow noopener\">www.mrc-longwy.fr.<\/a><\/div>\n<\/div>\n<div class=\"o9v6fnle cxmmr5t8 oygrvhab hcukyx3x c1et5uql ii04i59q\">\n<div dir=\"auto\">Pour le GP3F, il se d\u00e9roulera le week-end du 15\/16 Janvier 2022 dans la salle Bassompierre de Longwy.<\/div>\n<div dir=\"auto\">Pour toutes les Winter Series les inscriptions seront ouvertes sur myrcm 2 semaines avant. Des annonces de course seront faites sur les r\u00e9seaux comme toujours.<\/div>\n<\/div>\n<div class=\"o9v6fnle cxmmr5t8 oygrvhab hcukyx3x c1et5uql ii04i59q\">\n<div dir=\"auto\">\u00c9videmment nous esp\u00e9rons que le programme ne sera pas boulevers\u00e9 par la situation sanitaire mais nous restons optimiste pour cet hiver.<\/div>\n<div dir=\"auto\">On esp\u00e8re que vous \u00eates aussi impatients que nous de venir partager des week-ends de RC \u00e0 Longwy.<\/div>\n<div dir=\"auto\">A tr\u00e8s vite<\/div>\n<div dir=\"auto\">MRC Longwy, the place to be <span class=\"pq6dq46d tbxw36s4 knj5qynh kvgmc6g5 ditlmg2l oygrvhab nvdbi5me sf5mxxl7 gl3lb2sf hhz5lgdu\"><img loading=\"lazy\" decoding=\"async\" src=\"https:\/\/static.xx.fbcdn.net\/images\/emoji.php\/v9\/t20\/1\/16\/1f61c.png\" alt=\"&#x1f61c;\" width=\"16\" height=\"16\" \/><\/span><\/div>\n<div dir=\"auto\">\u2014\u2014\u2014\u2014\u2014\u2014\u2014\u2014\u2014\u2014\u2014\u2014\u2014\u2014\u2014\u2014<\/div>\n<div dir=\"auto\">English:<\/div>\n<\/div>\n<div class=\"o9v6fnle cxmmr5t8 oygrvhab hcukyx3x c1et5uql ii04i59q\">\n<div dir=\"auto\">Dear Drivers<\/div>\n<div dir=\"auto\">The MRC Longwy is happy to announce that we are back this year with some great racing weekends on the program.<\/div>\n<div dir=\"auto\">Like every season, we offer you our winter challenge as well as our traditional GP3F.<\/div>\n<div dir=\"auto\">The only novelty this season: the appearance of the Winter Cup in February (FFVRC race, reserved for licensed drivers) with the usual categories of the French Championship.<\/div>\n<div dir=\"auto\">The Winter Series will take place in the hall G\u00e9rard de Kanel but nothing new for the categories offered: Rookie, Formula 1, Fronty, Stock 17.5, Stock 13.5 and Modified.<\/div>\n<div dir=\"auto\">As always, the track will be accessible from Saturday for practices by heat from 4 p.m. to midnight. Sunday will be reserved for the race with 3 qualifiers and 3 finals for everyone.<\/div>\n<div dir=\"auto\">All information and regulations are available on our website <a class=\"oajrlxb2 g5ia77u1 qu0x051f esr5mh6w e9989ue4 r7d6kgcz rq0escxv nhd2j8a9 nc684nl6 p7hjln8o kvgmc6g5 cxmmr5t8 oygrvhab hcukyx3x jb3vyjys rz4wbd8a qt6c0cv9 a8nywdso i1ao9s8h esuyzwwr f1sip0of lzcic4wl py34i1dx gpro0wi8\" tabindex=\"0\" role=\"link\" href=\"https:\/\/l.facebook.com\/l.php?u=http%3A%2F%2Fwww.mrc-longwy.fr%2F%3Ffbclid%3DIwAR0oims4uK2_rA4sQx_AWT24jiIGQaFKbR2rz7LHUlvElIqEdQv_cS5vzzc&amp;h=AT0aSJaw849dzYG1v47yGs3ywmS5s61YlzMtQMyaORs4s00KmtI9nyRnDDpThdj5NdJ4mryH2Ufxkg_44Lj6nzQWKuadw6cSJ9e5Rdpcx4R3oqmjOY6BISVcOpSz_ys72DEDgAs&amp;__tn__=-UK-R&amp;c[0]=AT1SPGJbEcVtWnQ3fGHowyo6d1gpr_cuevuy4iSxSaeGk-tVup0IbIKmf_71BlW3u_-IEPA4k0llUGIEQ2n9Hh_VET0LCXsc89pNYUQuL8fTZRTlswRbwICXXwXtL8AtGfF9RuSIKQGlyspoRBRNLkDxCVnaFqXL9sFz993g1SJa7yDngFnaFTeQivFkghKGiFZAQ4-Y\" target=\"_blank\" rel=\"nofollow noopener\">www.mrc-longwy.fr.<\/a><\/div>\n<\/div>\n<div class=\"o9v6fnle cxmmr5t8 oygrvhab hcukyx3x c1et5uql ii04i59q\">\n<div dir=\"auto\">For the GP3F, it will take place on the weekend of January 15\/16, 2022 in the Hall Bassompierre (big hall like the last editions) in Longwy.<\/div>\n<div dir=\"auto\">For the Winter Series, registrations will be open on myrcm 2 weeks before. Race announcements will be made on the networks as always.<\/div>\n<\/div>\n<div class=\"o9v6fnle cxmmr5t8 oygrvhab hcukyx3x c1et5uql ii04i59q\">\n<div dir=\"auto\">Obviously we hope that the program will not be upset by the health situation, but we remain optimistic for this winter.<\/div>\n<div dir=\"auto\">We hope you are as eager as we are to come and share RC weekends in Longwy.<\/div>\n<div dir=\"auto\">See you soon<\/div>\n<div dir=\"auto\">MRC Longwy, the place to be <span class=\"pq6dq46d tbxw36s4 knj5qynh kvgmc6g5 ditlmg2l oygrvhab nvdbi5me sf5mxxl7 gl3lb2sf hhz5lgdu\"><img loading=\"lazy\" decoding=\"async\" src=\"https:\/\/static.xx.fbcdn.net\/images\/emoji.php\/v9\/t20\/1\/16\/1f61c.png\" alt=\"&#x1f61c;\" width=\"16\" height=\"16\" \/><\/span><\/div>\n<\/div>\n","protected":false},"excerpt":{"rendered":"<p>MRC LONGWY : Calendrier hivernal 2021\/2022 Chers pilotes, Le MRC Longwy est heureux de vous annoncer que nous sommes de retour cette ann\u00e9e avec au programme de beaux week-end de course. Comme chaque saison, nous vous proposons notre challenge hivernal [&hellip;] <a class=\"more-link\" href=\"https:\/\/www.mrc-longwy.fr\/?p=1645\">&darr; Read the rest of this entry&#8230;<\/a><\/p>\n","protected":false},"author":4,"featured_media":0,"comment_status":"closed","ping_status":"open","sticky":false,"template":"","format":"standard","meta":{"footnotes":""},"categories":[1],"tags":[],"class_list":["post-1645","post","type-post","status-publish","format-standard","hentry","category-non-classe","uentry","postonpage-1","odd","post-author-mika"],"_links":{"self":[{"href":"https:\/\/www.mrc-longwy.fr\/index.php?rest_route=\/wp\/v2\/posts\/1645","targetHints":{"allow":["GET"]}}],"collection":[{"href":"https:\/\/www.mrc-longwy.fr\/index.php?rest_route=\/wp\/v2\/posts"}],"about":[{"href":"https:\/\/www.mrc-longwy.fr\/index.php?rest_route=\/wp\/v2\/types\/post"}],"author":[{"embeddable":true,"href":"https:\/\/www.mrc-longwy.fr\/index.php?rest_route=\/wp\/v2\/users\/4"}],"replies":[{"embeddable":true,"href":"https:\/\/www.mrc-longwy.fr\/index.php?rest_route=%2Fwp%2Fv2%2Fcomments&post=1645"}],"version-history":[{"count":2,"href":"https:\/\/www.mrc-longwy.fr\/index.php?rest_route=\/wp\/v2\/posts\/1645\/revisions"}],"predecessor-version":[{"id":1648,"href":"https:\/\/www.mrc-longwy.fr\/index.php?rest_route=\/wp\/v2\/posts\/1645\/revisions\/1648"}],"wp:attachment":[{"href":"https:\/\/www.mrc-longwy.fr\/index.php?rest_route=%2Fwp%2Fv2%2Fmedia&parent=1645"}],"wp:term":[{"taxonomy":"category","embeddable":true,"href":"https:\/\/www.mrc-longwy.fr\/index.php?rest_route=%2Fwp%2Fv2%2Fcategories&post=1645"},{"taxonomy":"post_tag","embeddable":true,"href":"https:\/\/www.mrc-longwy.fr\/index.php?rest_route=%2Fwp%2Fv2%2Ftags&post=1645"}],"curies":[{"name":"wp","href":"https:\/\/api.w.org\/{rel}","templated":true}]}}