{"id":1616,"date":"2020-10-01T17:51:20","date_gmt":"2020-10-01T15:51:20","guid":{"rendered":"http:\/\/www.mrc-longwy.fr\/?p=1616"},"modified":"2020-10-02T17:37:24","modified_gmt":"2020-10-02T15:37:24","slug":"calendrier-2020-2021","status":"publish","type":"post","link":"https:\/\/www.mrc-longwy.fr\/?p=1616","title":{"rendered":"Calendrier 2020\/2021"},"content":{"rendered":"<p>&nbsp;<\/p>\n<p><a href=\"http:\/\/www.mrc-longwy.fr\/wp-content\/uploads\/2020\/10\/calendrier-2020-2021.png\"><img loading=\"lazy\" decoding=\"async\" class=\"aligncenter wp-image-1617\" src=\"http:\/\/www.mrc-longwy.fr\/wp-content\/uploads\/2020\/10\/calendrier-2020-2021.png\" alt=\"\" width=\"515\" height=\"659\" srcset=\"https:\/\/www.mrc-longwy.fr\/wp-content\/uploads\/2020\/10\/calendrier-2020-2021.png 625w, https:\/\/www.mrc-longwy.fr\/wp-content\/uploads\/2020\/10\/calendrier-2020-2021-234x300.png 234w\" sizes=\"auto, (max-width: 515px) 100vw, 515px\" \/><\/a><\/p>\n<p>Calendrier 2020-2021<\/p>\n<p>Chers pilotes ,<\/p>\n<p>Le MRC LONGWY est heureux de vous annoncer son calendrier pour la saison hivernale 2020-2021.<br \/>\nComme vous vous en doutez nous ne r\u00e9chappons pas aux mesures sanitaires impos\u00e9es mais gr\u00e2ce \u00e0 notre mairie et son service des sports, nous pouvons rouler \u00e0 l\u2019heure actuelle, en esp\u00e9rant que les restrictions soient lev\u00e9es petit \u00e0 petit durant l\u2019hiver. (soyons positifs \ud83d\ude09 )<\/p>\n<p>Donc au programme de l\u2019hiver nous avons d\u00e9j\u00e0 pr\u00e9vu 4 week-end \u00e0 la salle GDK comme la saison derni\u00e8re et notre traditionnel GP3F le 23&amp;24 Janvier 2021.<br \/>\nNous avons d\u00e9cidez d\u2019organiser un week-end de practice pour la premi\u00e8re de la saison le 17&amp;18 Octobre. Un week-end sans pression pour prendre nos marques avec les mesures sanitaires mais malheureusement limit\u00e9 \u00e0 70 participants.<br \/>\nVous serez \u00e9videment re\u00e7u comme \u00e0 notre habitude dans les meilleures conditions possibles avec toutes les commodit\u00e9s habituelles mais adapt\u00e9 \u00e0 la situation sanitaire du moment ( distanciation, port du masque obligatoire, 1 place sur 2 dans les stands, etc\u2026)<br \/>\nLes inscriptions seront ouvertes sur myrcm lundi 5 octobre 20h, plus d\u2019infos d\u00e9di\u00e9es sont \u00e0 venir tr\u00e8s prochainement.<br \/>\nPour le reste de la saison nous feront de notre mieux pour vous proposer de beaux week-end de course comme depuis plus de 20 ans.<br \/>\nPour les cat\u00e9gories et le r\u00e8glement, tout est disponible sur notre site web <a href=\"http:\/\/www.mrc-longwy.fr\">www.mrc-longwy.fr<\/a> et parfaitement identique \u00e0 la saison derni\u00e8re. Pour toute info compl\u00e9mentaire vous pouvez nous contacter directement sur notre page FB ou par mail \u00e0 <a href=\"mailto:mrclongwy@live.fr\">mrclongwy@live.fr<\/a>.<br \/>\nOn esp\u00e8re vous voir encore nombreux cette saison et comptons sur votre compr\u00e9hension durant les prochains mois car on risque d\u2019avoir des surprises et on s\u2019adaptera, pas le choix.<br \/>\nA tr\u00e8s vite,<br \/>\nMRC LONGWY, the place to be \ud83d\ude09<\/p>\n<p>&#8212;&#8212;&#8212;&#8212;&#8212;&#8212;&#8212;&#8212;&#8212;&#8212;&#8212;&#8212;&#8212;&#8212;&#8212;-<\/p>\n<div dir=\"auto\">2020-2021 calendar,<\/div>\n<div dir=\"auto\">Dear driver,<\/div>\n<div dir=\"auto\">The MRC LONGWY is happy to announce its calendar for the 2020-2021 winter season.<\/div>\n<div dir=\"auto\">As you may imagine, we do not escape the sanitary measures imposed by the Covid-19 situation, but thanks to our town sports department, at the current time, we can plan our regular meeting, hoping that the restrictions will be gradually lifted during the winter. (let&rsquo;s be positive !)<\/div>\n<div dir=\"auto\">So, for the winter program we have already planned 4 weekends at the GDK hall like last season, and our traditional GP3F on January 23 &amp; 24, 2021.<\/div>\n<div dir=\"auto\">We decided to set for a practice weekend for the first event of the season on October 17 &amp; 18. A weekend without pressure to take our marks with sanitary measures but unfortunately limited to 70 participants. Wearing a mask will be mandatory, 1 place out of 2 in the pits, etc &#8230;).<\/div>\n<div dir=\"auto\">Registrations will open on myrcm on Monday October 5 at 8 p.m., more information will come soon.<\/div>\n<div dir=\"auto\">For the rest of the season we will do our best to offer you some beautiful racing weekends as they used to be for more than 20 years now.<\/div>\n<div dir=\"auto\">For the categories and rules, everything is available on our website : <a class=\"oajrlxb2 g5ia77u1 qu0x051f esr5mh6w e9989ue4 r7d6kgcz rq0escxv nhd2j8a9 nc684nl6 p7hjln8o kvgmc6g5 cxmmr5t8 oygrvhab hcukyx3x jb3vyjys rz4wbd8a qt6c0cv9 a8nywdso i1ao9s8h esuyzwwr f1sip0of lzcic4wl py34i1dx gpro0wi8\" tabindex=\"0\" role=\"link\" href=\"https:\/\/l.facebook.com\/l.php?u=http%3A%2F%2Fwww.mrc-longwy.fr%2F%3Ffbclid%3DIwAR3ompXZr4qriZA2byAMELB_L5tMxZNr4TWFlXobBQhsEXYOT4H6D3q-O1A&amp;h=AT0FJrP6tnChuZ-8R3UeH3jKgT1X1fbFFpcef75I_WOd_F39Uku9PP_OxzhblpB11lbL_bbC77xXjk9zId2io1v_C-vgTvlcV2dmCq24qeA4RdKk7SOtQgTWGhj0mCZOgxgplXE&amp;__tn__=-UK-R&amp;c[0]=AT259rJwxmQQESJZMagwCrpmECOPSuqcjuvUWYzVG6JLXwo2NbdRWAmP1yl9cbq9aMu-9HGoXjNil4LDtJdDfe1M-4itCko0C691jnpqYWh7etoEMyy_pBlFiVi_jz1kRP8DNCKaRnDtytGm9yCtpna8lDCu86Yd5V6bNgbaBg\" target=\"_blank\" rel=\"nofollow noopener\">www.mrc-longwy.fr<\/a>, and is strictly identical as last season.<\/div>\n<div dir=\"auto\">For any additional information you can contact us directly on our FB page or by email at mrclongwy@live.fr.<\/div>\n<div dir=\"auto\">We hope to see many of you again this season and hope for your understanding during the coming months because we may have some surprise and we will have to adapt.<\/div>\n<div dir=\"auto\">See you soon,<\/div>\n<div dir=\"auto\">MRC LONGWY, the place to be <span class=\"pq6dq46d tbxw36s4 knj5qynh kvgmc6g5 ditlmg2l oygrvhab nvdbi5me sf5mxxl7 gl3lb2sf hhz5lgdu\"><img loading=\"lazy\" decoding=\"async\" src=\"https:\/\/static.xx.fbcdn.net\/images\/emoji.php\/v9\/t57\/1\/16\/1f609.png\" alt=\"&#x1f609;\" width=\"16\" height=\"16\" \/><\/span><\/div>\n","protected":false},"excerpt":{"rendered":"<p>&nbsp; Calendrier 2020-2021 Chers pilotes , Le MRC LONGWY est heureux de vous annoncer son calendrier pour la saison hivernale 2020-2021. Comme vous vous en doutez nous ne r\u00e9chappons pas aux mesures sanitaires impos\u00e9es mais gr\u00e2ce \u00e0 notre mairie et [&hellip;] <a class=\"more-link\" href=\"https:\/\/www.mrc-longwy.fr\/?p=1616\">&darr; Read the rest of this entry&#8230;<\/a><\/p>\n","protected":false},"author":4,"featured_media":0,"comment_status":"closed","ping_status":"open","sticky":false,"template":"","format":"standard","meta":{"footnotes":""},"categories":[1],"tags":[],"class_list":["post-1616","post","type-post","status-publish","format-standard","hentry","category-non-classe","uentry","postonpage-1","odd","post-author-mika"],"_links":{"self":[{"href":"https:\/\/www.mrc-longwy.fr\/index.php?rest_route=\/wp\/v2\/posts\/1616","targetHints":{"allow":["GET"]}}],"collection":[{"href":"https:\/\/www.mrc-longwy.fr\/index.php?rest_route=\/wp\/v2\/posts"}],"about":[{"href":"https:\/\/www.mrc-longwy.fr\/index.php?rest_route=\/wp\/v2\/types\/post"}],"author":[{"embeddable":true,"href":"https:\/\/www.mrc-longwy.fr\/index.php?rest_route=\/wp\/v2\/users\/4"}],"replies":[{"embeddable":true,"href":"https:\/\/www.mrc-longwy.fr\/index.php?rest_route=%2Fwp%2Fv2%2Fcomments&post=1616"}],"version-history":[{"count":3,"href":"https:\/\/www.mrc-longwy.fr\/index.php?rest_route=\/wp\/v2\/posts\/1616\/revisions"}],"predecessor-version":[{"id":1636,"href":"https:\/\/www.mrc-longwy.fr\/index.php?rest_route=\/wp\/v2\/posts\/1616\/revisions\/1636"}],"wp:attachment":[{"href":"https:\/\/www.mrc-longwy.fr\/index.php?rest_route=%2Fwp%2Fv2%2Fmedia&parent=1616"}],"wp:term":[{"taxonomy":"category","embeddable":true,"href":"https:\/\/www.mrc-longwy.fr\/index.php?rest_route=%2Fwp%2Fv2%2Fcategories&post=1616"},{"taxonomy":"post_tag","embeddable":true,"href":"https:\/\/www.mrc-longwy.fr\/index.php?rest_route=%2Fwp%2Fv2%2Ftags&post=1616"}],"curies":[{"name":"wp","href":"https:\/\/api.w.org\/{rel}","templated":true}]}}