{"id":1184,"date":"2014-02-28T16:00:59","date_gmt":"2014-02-28T14:00:59","guid":{"rendered":"http:\/\/www.mrc-longwy.fr\/?p=1184"},"modified":"2014-02-28T16:11:48","modified_gmt":"2014-02-28T14:11:48","slug":"20132014-winter-series-bilan","status":"publish","type":"post","link":"https:\/\/www.mrc-longwy.fr\/?p=1184","title":{"rendered":"2013\/2014 Winter Series : Bilan"},"content":{"rendered":"<p>Cette premi\u00e8re \u00e9dition des Winter Series aura vu une affluence record lors des 5 manches organis\u00e9es. Pour cela, le MRC souhaite remercier tout les pilotes venus concourir cet hiver au Cosec de Longwy Haut. Nous remercions \u00e9galement nos magasins partenaires : Gbjets, Tonisport et JMT RC Shop.<\/p>\n<p>Pour cloturer en beaut\u00e9 ce challenge hivernale, le MRC \u00e0 organis\u00e9 une traditionnelle remise de troph\u00e9es, agrement\u00e9e en sus d&rsquo;une remise de lot pour les pilotes ayant brill\u00e9 au classements g\u00e9n\u00e9raux. Ainsi, les 5 premiers de chaque cat\u00e9gorie, et les 10 premiers en cat\u00e9gorie stock se sont vu remettre un lot, offert par le MRC !<\/p>\n<p>Les classements g\u00e9n\u00e9raux ont \u00e9t\u00e9 \u00e9dit\u00e9s \u00e0 l&rsquo;issue de cette derni\u00e8re manche. Les 4 meilleurs r\u00e9sultats sur 5 \u00e9tant retenus pour chaque pilote.<\/p>\n<p>&nbsp;<\/p>\n<p><span style=\"text-decoration: underline;\"><strong>Le pr\u00e9sident en action<\/strong> :<\/span><\/p>\n<p><a href=\"http:\/\/www.mrc-longwy.fr\/wp-content\/uploads\/2014\/02\/1655995_578731518881167_719966147_n.jpg\"><img loading=\"lazy\" decoding=\"async\" class=\"alignnone size-medium wp-image-1189\" title=\"1655995_578731518881167_719966147_n\" src=\"http:\/\/www.mrc-longwy.fr\/wp-content\/uploads\/2014\/02\/1655995_578731518881167_719966147_n-300x198.jpg\" alt=\"\" width=\"300\" height=\"198\" srcset=\"https:\/\/www.mrc-longwy.fr\/wp-content\/uploads\/2014\/02\/1655995_578731518881167_719966147_n-300x198.jpg 300w, https:\/\/www.mrc-longwy.fr\/wp-content\/uploads\/2014\/02\/1655995_578731518881167_719966147_n.jpg 960w\" sizes=\"auto, (max-width: 300px) 100vw, 300px\" \/><\/a><a href=\"http:\/\/www.mrc-longwy.fr\/wp-content\/uploads\/2014\/02\/1902781_578731618881157_454056856_n.jpg\"><img loading=\"lazy\" decoding=\"async\" class=\"alignnone size-medium wp-image-1195\" title=\"1902781_578731618881157_454056856_n\" src=\"http:\/\/www.mrc-longwy.fr\/wp-content\/uploads\/2014\/02\/1902781_578731618881157_454056856_n-300x198.jpg\" alt=\"\" width=\"300\" height=\"198\" srcset=\"https:\/\/www.mrc-longwy.fr\/wp-content\/uploads\/2014\/02\/1902781_578731618881157_454056856_n-300x198.jpg 300w, https:\/\/www.mrc-longwy.fr\/wp-content\/uploads\/2014\/02\/1902781_578731618881157_454056856_n.jpg 960w\" sizes=\"auto, (max-width: 300px) 100vw, 300px\" \/><\/a><a href=\"http:\/\/www.mrc-longwy.fr\/wp-content\/uploads\/2014\/02\/1979650_578731702214482_1062831190_n.jpg\"><img loading=\"lazy\" decoding=\"async\" class=\"alignnone size-medium wp-image-1200\" title=\"1979650_578731702214482_1062831190_n\" src=\"http:\/\/www.mrc-longwy.fr\/wp-content\/uploads\/2014\/02\/1979650_578731702214482_1062831190_n-300x198.jpg\" alt=\"\" width=\"300\" height=\"198\" srcset=\"https:\/\/www.mrc-longwy.fr\/wp-content\/uploads\/2014\/02\/1979650_578731702214482_1062831190_n-300x198.jpg 300w, https:\/\/www.mrc-longwy.fr\/wp-content\/uploads\/2014\/02\/1979650_578731702214482_1062831190_n.jpg 960w\" sizes=\"auto, (max-width: 300px) 100vw, 300px\" \/><\/a><\/p>\n<p>&nbsp;<\/p>\n<p><span style=\"text-decoration: underline;\"><strong>Les lots :<\/strong><\/span><\/p>\n<p><a href=\"http:\/\/www.mrc-longwy.fr\/wp-content\/uploads\/2014\/02\/1932422_578731538881165_435350174_n.jpg\"><img loading=\"lazy\" decoding=\"async\" class=\"alignnone size-medium wp-image-1197\" title=\"1932422_578731538881165_435350174_n\" src=\"http:\/\/www.mrc-longwy.fr\/wp-content\/uploads\/2014\/02\/1932422_578731538881165_435350174_n-300x198.jpg\" alt=\"\" width=\"300\" height=\"198\" srcset=\"https:\/\/www.mrc-longwy.fr\/wp-content\/uploads\/2014\/02\/1932422_578731538881165_435350174_n-300x198.jpg 300w, https:\/\/www.mrc-longwy.fr\/wp-content\/uploads\/2014\/02\/1932422_578731538881165_435350174_n.jpg 960w\" sizes=\"auto, (max-width: 300px) 100vw, 300px\" \/><\/a><a href=\"http:\/\/www.mrc-longwy.fr\/wp-content\/uploads\/2014\/02\/1622650_578731708881148_1496284357_n.jpg\"><img loading=\"lazy\" decoding=\"async\" class=\"alignnone size-medium wp-image-1188\" title=\"1622650_578731708881148_1496284357_n\" src=\"http:\/\/www.mrc-longwy.fr\/wp-content\/uploads\/2014\/02\/1622650_578731708881148_1496284357_n-300x198.jpg\" alt=\"\" width=\"300\" height=\"198\" srcset=\"https:\/\/www.mrc-longwy.fr\/wp-content\/uploads\/2014\/02\/1622650_578731708881148_1496284357_n-300x198.jpg 300w, https:\/\/www.mrc-longwy.fr\/wp-content\/uploads\/2014\/02\/1622650_578731708881148_1496284357_n.jpg 960w\" sizes=\"auto, (max-width: 300px) 100vw, 300px\" \/><\/a><\/p>\n<p>&nbsp;<\/p>\n<p><strong><span style=\"text-decoration: underline;\">Une carrosserie offerte \u00e0 tout les participants en cat\u00e9gorie Rookie !<\/span><\/strong><\/p>\n<p><a href=\"http:\/\/www.mrc-longwy.fr\/wp-content\/uploads\/2014\/02\/1794521_578731782214474_1939798658_n.jpg\"><img loading=\"lazy\" decoding=\"async\" class=\"alignnone size-medium wp-image-1192\" title=\"1794521_578731782214474_1939798658_n\" src=\"http:\/\/www.mrc-longwy.fr\/wp-content\/uploads\/2014\/02\/1794521_578731782214474_1939798658_n-300x198.jpg\" alt=\"\" width=\"300\" height=\"198\" srcset=\"https:\/\/www.mrc-longwy.fr\/wp-content\/uploads\/2014\/02\/1794521_578731782214474_1939798658_n-300x198.jpg 300w, https:\/\/www.mrc-longwy.fr\/wp-content\/uploads\/2014\/02\/1794521_578731782214474_1939798658_n.jpg 960w\" sizes=\"auto, (max-width: 300px) 100vw, 300px\" \/><\/a><\/p>\n<p>&nbsp;<\/p>\n<p><strong><span style=\"text-decoration: underline;\">Podium final Rookie :<\/span><\/strong><\/p>\n<p>Auteur d&rsquo;une saison sans fautes, Th\u00e9o Francois est champion Rookie, avec 4 victoires en 4 courses. R\u00e9guli\u00e8rement sur les podiums, Leonard Ciaran est vice champion. Enfin, pr\u00e9sente \u00e0 toutes les courses, et \u00e9galement tr\u00e8s r\u00e9guli\u00e8re, Precillia Melacotte termine sur la 3\u00e8me marche du podium. Brice Deli\u00e8e \u00e0 \u00e9galit\u00e9 de points termine au pied du podium devant Sabrina Lenelle, absente sur la derni\u00e8re manche.<\/p>\n<p><a href=\"http:\/\/www.mrc-longwy.fr\/wp-content\/uploads\/2014\/02\/1911630_578733208880998_1263856468_n.jpg\"><img loading=\"lazy\" decoding=\"async\" class=\"alignnone size-medium wp-image-1196\" title=\"1911630_578733208880998_1263856468_n\" src=\"http:\/\/www.mrc-longwy.fr\/wp-content\/uploads\/2014\/02\/1911630_578733208880998_1263856468_n-300x147.jpg\" alt=\"\" width=\"300\" height=\"147\" srcset=\"https:\/\/www.mrc-longwy.fr\/wp-content\/uploads\/2014\/02\/1911630_578733208880998_1263856468_n-300x147.jpg 300w, https:\/\/www.mrc-longwy.fr\/wp-content\/uploads\/2014\/02\/1911630_578733208880998_1263856468_n.jpg 960w\" sizes=\"auto, (max-width: 300px) 100vw, 300px\" \/><\/a><\/p>\n<p>&nbsp;<\/p>\n<p><span style=\"text-decoration: underline;\"><strong>Podium final Superstock :<\/strong><\/span><\/p>\n<p>Avec 5 vainqueurs diff\u00e9rents en 5 courses , cette cat\u00e9gorie s&rsquo;est av\u00e9r\u00e9e tr\u00e8s ouverte. Le champion superstock est St\u00e9phane delis\u00e9, qui, s&rsquo;il n&rsquo;a pas remport\u00e9 de course, \u00e0 \u00e9t\u00e9 r\u00e9gulier dans le top 5 \u00e0 chaque manche. Dimitri Charles termine vice champion en ayant particip\u00e9 \u00e0 seulement 3 manches sur 5. Paulo Conde termine 3\u00e8me du championnat. Enfin, les fr\u00e8res Ribault finissent au pied du podium avec la 4\u00e8me place pour\u00a0Jeremy, et la 5\u00e8me place pour Michael.<\/p>\n<p><a href=\"http:\/\/www.mrc-longwy.fr\/wp-content\/uploads\/2014\/02\/1619188_578733238880995_261610526_n.jpg\"><img loading=\"lazy\" decoding=\"async\" class=\"alignnone size-medium wp-image-1187\" title=\"1619188_578733238880995_261610526_n\" src=\"http:\/\/www.mrc-longwy.fr\/wp-content\/uploads\/2014\/02\/1619188_578733238880995_261610526_n-300x159.jpg\" alt=\"\" width=\"300\" height=\"159\" srcset=\"https:\/\/www.mrc-longwy.fr\/wp-content\/uploads\/2014\/02\/1619188_578733238880995_261610526_n-300x159.jpg 300w, https:\/\/www.mrc-longwy.fr\/wp-content\/uploads\/2014\/02\/1619188_578733238880995_261610526_n.jpg 960w\" sizes=\"auto, (max-width: 300px) 100vw, 300px\" \/><\/a><\/p>\n<p>&nbsp;<\/p>\n<p><span style=\"text-decoration: underline;\"><strong>Podium final Stock :<\/strong><\/span><\/p>\n<p>Le suspense pour la victoire finale aura dur\u00e9 jusqu&rsquo;a la derni\u00e8re course. Malheureusement Tom Maquel n&rsquo;aura pu etre pr\u00e9sent pour d\u00e9fendre ses chances, laissant le champ libre \u00e0 Jan Bickendorf dans le course au titre. Avec 5 podium en 5 courses, Jan qui est devenu un habitu\u00e9 des courses du MRC au fil des ans, est champion Stock des Winter Series 2013\/2014. Le sympathique pilote Luxembourgeois Jacques Libar est vice champion, devant Tom Maquel. Valentin Lehman et Nico Lemoine, du MRC Longwy terminent respectivement \u00e0 la 4\u00e8me et \u00e0 la 6\u00e8me place. Nicolas Delis\u00e9 s&rsquo;intercalle \u00e0 la 5\u00e8me place. Joe Streff se classe 8\u00e8me. Avec seulement 2 participations, Manu Wagner se hisse au 8\u00e8me range, devant Arnaud Mathieu, pilote du MCT Thionville, et champion d&rsquo;Europe B 1\/8\u00e8me piste.<\/p>\n<p><a href=\"http:\/\/www.mrc-longwy.fr\/wp-content\/uploads\/2014\/02\/1781879_578733312214321_1470992348_n.jpg\"><img loading=\"lazy\" decoding=\"async\" class=\"alignnone size-medium wp-image-1191\" title=\"1781879_578733312214321_1470992348_n\" src=\"http:\/\/www.mrc-longwy.fr\/wp-content\/uploads\/2014\/02\/1781879_578733312214321_1470992348_n-300x120.jpg\" alt=\"\" width=\"300\" height=\"120\" srcset=\"https:\/\/www.mrc-longwy.fr\/wp-content\/uploads\/2014\/02\/1781879_578733312214321_1470992348_n-300x120.jpg 300w, https:\/\/www.mrc-longwy.fr\/wp-content\/uploads\/2014\/02\/1781879_578733312214321_1470992348_n.jpg 960w\" sizes=\"auto, (max-width: 300px) 100vw, 300px\" \/><\/a><\/p>\n<p>&nbsp;<\/p>\n<p><span style=\"text-decoration: underline;\"><strong>Podium finale Modifi\u00e9 :<\/strong><\/span><\/p>\n<p>\u00a0Un classement de r\u00eave dans la cat\u00e9gorie reine avec 37 pilotes class\u00e9s, parmis lesquels on retrouve le triple champion du monde Marc Rheinard. Vainqueur de 2 courses, Lucas Urbain est Champion Modifi\u00e9. Le podium du championnat est celui de la manche 5 vu que Lucas est rejoint sur le podium par L\u00e9o Arnold, 2\u00e8me, et Nico Schwendimann, 3\u00e8me. Loic Jasmin termine au pied du podium, et Cyril N&rsquo;Diaye en 5\u00e8me position.<\/p>\n<p><a href=\"http:\/\/www.mrc-longwy.fr\/wp-content\/uploads\/2014\/02\/1970441_578733358880983_1131001964_n.jpg\"><img loading=\"lazy\" decoding=\"async\" class=\"alignnone  wp-image-1198\" title=\"1970441_578733358880983_1131001964_n\" src=\"http:\/\/www.mrc-longwy.fr\/wp-content\/uploads\/2014\/02\/1970441_578733358880983_1131001964_n-300x155.jpg\" alt=\"\" width=\"300\" height=\"155\" srcset=\"https:\/\/www.mrc-longwy.fr\/wp-content\/uploads\/2014\/02\/1970441_578733358880983_1131001964_n-300x155.jpg 300w, https:\/\/www.mrc-longwy.fr\/wp-content\/uploads\/2014\/02\/1970441_578733358880983_1131001964_n.jpg 960w\" sizes=\"auto, (max-width: 300px) 100vw, 300px\" \/><\/a><\/p>\n<p>&nbsp;<\/p>\n<p><span style=\"text-decoration: underline;\"><strong>Podium final 1\/12 :<\/strong><\/span><\/p>\n<p>Carton plein pour les pilotes Luxembourgeois ! Jacques Libar et Jacky Mannes terminent \u00e0 \u00e9galit\u00e9 parfaite avec 2 victoires et 2 2\u00e8me places chacun. Les 2 co\u00e9quipiers sont d\u00e9partag\u00e9s sur le meilleur r\u00e9sultat \u00e0 la 5\u00e8me manche, et c&rsquo;est donc Jacques qui est sacr\u00e9 champion ! La derni\u00e8re marche du podium reviens \u00e0 Raymond Libar.<\/p>\n<p><a href=\"http:\/\/www.mrc-longwy.fr\/wp-content\/uploads\/2014\/02\/1800223_578733362214316_1700119501_n.jpg\"><img loading=\"lazy\" decoding=\"async\" class=\"alignnone size-medium wp-image-1193\" title=\"1800223_578733362214316_1700119501_n\" src=\"http:\/\/www.mrc-longwy.fr\/wp-content\/uploads\/2014\/02\/1800223_578733362214316_1700119501_n-300x153.jpg\" alt=\"\" width=\"300\" height=\"153\" srcset=\"https:\/\/www.mrc-longwy.fr\/wp-content\/uploads\/2014\/02\/1800223_578733362214316_1700119501_n-300x153.jpg 300w, https:\/\/www.mrc-longwy.fr\/wp-content\/uploads\/2014\/02\/1800223_578733362214316_1700119501_n.jpg 960w\" sizes=\"auto, (max-width: 300px) 100vw, 300px\" \/><\/a><\/p>\n<p>&nbsp;<\/p>\n<p>Merci \u00e0 tous, et \u00e0 l&rsquo;ann\u00e9e prochaine.<\/p>\n","protected":false},"excerpt":{"rendered":"<p>Cette premi\u00e8re \u00e9dition des Winter Series aura vu une affluence record lors des 5 manches organis\u00e9es. Pour cela, le MRC souhaite remercier tout les pilotes venus concourir cet hiver au Cosec de Longwy Haut. Nous remercions \u00e9galement nos magasins partenaires [&hellip;] <a class=\"more-link\" href=\"https:\/\/www.mrc-longwy.fr\/?p=1184\">&darr; Read the rest of this entry&#8230;<\/a><\/p>\n","protected":false},"author":139,"featured_media":0,"comment_status":"open","ping_status":"open","sticky":false,"template":"","format":"standard","meta":{"footnotes":""},"categories":[16,1],"tags":[],"class_list":["post-1184","post","type-post","status-publish","format-standard","hentry","category-mrc-winter-series","category-non-classe","uentry","postonpage-1","odd","post-author-2-pic"],"_links":{"self":[{"href":"https:\/\/www.mrc-longwy.fr\/index.php?rest_route=\/wp\/v2\/posts\/1184","targetHints":{"allow":["GET"]}}],"collection":[{"href":"https:\/\/www.mrc-longwy.fr\/index.php?rest_route=\/wp\/v2\/posts"}],"about":[{"href":"https:\/\/www.mrc-longwy.fr\/index.php?rest_route=\/wp\/v2\/types\/post"}],"author":[{"embeddable":true,"href":"https:\/\/www.mrc-longwy.fr\/index.php?rest_route=\/wp\/v2\/users\/139"}],"replies":[{"embeddable":true,"href":"https:\/\/www.mrc-longwy.fr\/index.php?rest_route=%2Fwp%2Fv2%2Fcomments&post=1184"}],"version-history":[{"count":4,"href":"https:\/\/www.mrc-longwy.fr\/index.php?rest_route=\/wp\/v2\/posts\/1184\/revisions"}],"predecessor-version":[{"id":1204,"href":"https:\/\/www.mrc-longwy.fr\/index.php?rest_route=\/wp\/v2\/posts\/1184\/revisions\/1204"}],"wp:attachment":[{"href":"https:\/\/www.mrc-longwy.fr\/index.php?rest_route=%2Fwp%2Fv2%2Fmedia&parent=1184"}],"wp:term":[{"taxonomy":"category","embeddable":true,"href":"https:\/\/www.mrc-longwy.fr\/index.php?rest_route=%2Fwp%2Fv2%2Fcategories&post=1184"},{"taxonomy":"post_tag","embeddable":true,"href":"https:\/\/www.mrc-longwy.fr\/index.php?rest_route=%2Fwp%2Fv2%2Ftags&post=1184"}],"curies":[{"name":"wp","href":"https:\/\/api.w.org\/{rel}","templated":true}]}}