{"id":330,"date":"2012-02-05T10:55:38","date_gmt":"2012-02-05T08:55:38","guid":{"rendered":"http:\/\/www.mrc-longwy.fr\/?p=330"},"modified":"2012-02-05T10:55:38","modified_gmt":"2012-02-05T08:55:38","slug":"reportage-amicale-4-du-29-janvier-2012","status":"publish","type":"post","link":"http:\/\/www.mrc-longwy.fr\/?p=330","title":{"rendered":"Reportage Amicale 4 du 29 Janvier 2012"},"content":{"rendered":"<p>Le week-end du 29 Janvier s&rsquo;est d\u00e9roul\u00e9 la 4\u00e8me Amicale du MRC LONGWY dans la salle G\u00e9rard de Kanel de Longwy. Et encore une fois une tr\u00e8s belle course avec un record de participation avec pas moins de 76 pilotes pr\u00e9sents !!<\/p>\n<p>5 cat\u00e9gories \u00e9taient repr\u00e9sent\u00e9s avec 7 pilotes en Rookie, 14 en Superstock, 36 en Stock, 11 en Modified et 8 en 1\/12. La piste propos\u00e9e ce we se r\u00e9v\u00e8la tr\u00e8s plate et sympa \u00e0 rouler. La piste se composait donc d&rsquo;une ligne droite de 30m pour entrer dans un gauche l\u00e9ger et tout de suite un enchainement droite gauche tr\u00e8s technique. Un bout de ligne droite devant le podium qui s&rsquo;enchainait sur une \u00e9pingle \u00e0 gauche avec donc un gros freinage. Ensuite on repartait sur un grand droit qui se refermait et qui conditionnait le pif-paf central pi\u00e8geux. Pour finir le tour on \u00ab\u00a0redescendait\u00a0\u00bb sur un gauche fort et qui lui conditionnait le pif-paf rapide de l&rsquo;entr\u00e9e de ligne droite. Bref un beau trac\u00e9 sympa pour tout le monde qui fut le travail comme d&rsquo;habitude de Loic et Lucas. Bravo \u00e0 eux!!<\/p>\n<p><a href=\"http:\/\/www.mrc-longwy.fr\/wp-content\/uploads\/2012\/02\/P1010551.jpg\"><img loading=\"lazy\" decoding=\"async\" class=\"aligncenter size-large wp-image-343\" title=\"P1010551\" src=\"http:\/\/www.mrc-longwy.fr\/wp-content\/uploads\/2012\/02\/P1010551-1024x768.jpg\" alt=\"\" width=\"540\" height=\"405\" srcset=\"http:\/\/www.mrc-longwy.fr\/wp-content\/uploads\/2012\/02\/P1010551-1024x768.jpg 1024w, http:\/\/www.mrc-longwy.fr\/wp-content\/uploads\/2012\/02\/P1010551-300x225.jpg 300w\" sizes=\"auto, (max-width: 540px) 100vw, 540px\" \/><\/a><\/p>\n<p>Le timing fut respect\u00e9 \u00e0 la minute et la direction de course a \u00e9t\u00e9 \u00e0 la hauteur car pour la premi\u00e8re fois c&rsquo;est Loic Jasmin qui prendra les rennes de cette amicale et qui am\u00e8nera son oeil expert sur la gestion des manches de qualifs et de finales.<\/p>\n<p>La salle a \u00e9t\u00e9 ouverte d\u00e8s 15h le samedi jusqu&rsquo;\u00e0 22h pour des essais libres. Le dimanche, la salle ouvra ses portes d\u00e8s 7h00 et les qualifications ont d\u00e9marr\u00e9 pour 9h00.<\/p>\n<p>A l&rsquo;issue des 3 qualifications on retrouve en p\u00f4le position :<\/p>\n<p>En ROOKIE : LEONARD Ciaran avec un 16T en 5:02.994<\/p>\n<p>En SUPERSTOCK : LIBAR Laurent avec un 24T 5:11.888<\/p>\n<p>En STOCK: MAQUEL Tom avec un 26t 5:03.855<\/p>\n<p>En MODIFIED: URBAIN Lucas avec un 26T 5:05.244<\/p>\n<p>En 1\/12: LIBAR Jacques avec un 41T 8:10.592<\/p>\n<p>De belles qualifications avec un tr\u00e8s bon niveau dans toutes les cat\u00e9gories.<\/p>\n<p>Les finales ont aussi \u00e9t\u00e9 tr\u00e8s disput\u00e9es avec beaucoup de fair-play mais du beau spectacle.<\/p>\n<p>A l&rsquo;issue des finales on retrouve:<\/p>\n<p>En ROOKIE:<\/p>\n<div id=\"attachment_331\" style=\"width: 550px\" class=\"wp-caption aligncenter\"><a href=\"http:\/\/www.mrc-longwy.fr\/wp-content\/uploads\/2012\/02\/P1010557.jpg\"><img loading=\"lazy\" decoding=\"async\" aria-describedby=\"caption-attachment-331\" class=\"size-large wp-image-331\" title=\"P1010557\" src=\"http:\/\/www.mrc-longwy.fr\/wp-content\/uploads\/2012\/02\/P1010557-1024x768.jpg\" alt=\"\" width=\"540\" height=\"405\" srcset=\"http:\/\/www.mrc-longwy.fr\/wp-content\/uploads\/2012\/02\/P1010557-1024x768.jpg 1024w, http:\/\/www.mrc-longwy.fr\/wp-content\/uploads\/2012\/02\/P1010557-300x225.jpg 300w\" sizes=\"auto, (max-width: 540px) 100vw, 540px\" \/><\/a><p id=\"caption-attachment-331\" class=\"wp-caption-text\">3\u00e8me, GARBI Julian, 1er LEONARD Ciaran, 2 DELIEGE Lise<\/p><\/div>\n<p>Dans cette cat\u00e9gorie destin\u00e9 aux jeunes d\u00e9butant, c&rsquo;est le jeune Irlandais Ciaran LEONARD(10 ans) qui s&rsquo;impose devant la jeune pilote Lise DELIEGE et le tout jeune et talentueux pilote Allemand Julian GARBI (5ans)<\/p>\n<p>En SUPERSTOCK:<\/p>\n<div id=\"attachment_332\" style=\"width: 550px\" class=\"wp-caption aligncenter\"><a href=\"http:\/\/www.mrc-longwy.fr\/wp-content\/uploads\/2012\/02\/P1010560.jpg\"><img loading=\"lazy\" decoding=\"async\" aria-describedby=\"caption-attachment-332\" class=\"size-large wp-image-332\" title=\"P1010560\" src=\"http:\/\/www.mrc-longwy.fr\/wp-content\/uploads\/2012\/02\/P1010560-1024x768.jpg\" alt=\"\" width=\"540\" height=\"405\" srcset=\"http:\/\/www.mrc-longwy.fr\/wp-content\/uploads\/2012\/02\/P1010560-1024x768.jpg 1024w, http:\/\/www.mrc-longwy.fr\/wp-content\/uploads\/2012\/02\/P1010560-300x225.jpg 300w\" sizes=\"auto, (max-width: 540px) 100vw, 540px\" \/><\/a><p id=\"caption-attachment-332\" class=\"wp-caption-text\">2\u00e8me MULLER Marius, 1er LIBAR Jacques, 3\u00e8me DELISE St\u00e9phane<\/p><\/div>\n<p>Dans cette cat\u00e9gorie, sur 14 pilotes class\u00e9s, c&rsquo;est le sympathique pilote Luxembourgeois Jacques LIBAR (X-ray) qui s&rsquo;impose devant un pilote Allemand Marius MULLER et le pilote Belge St\u00e9phane DELISE.<\/p>\n<p>En STOCK:<\/p>\n<p><a href=\"http:\/\/www.mrc-longwy.fr\/wp-content\/uploads\/2012\/02\/P1010561.jpg\"><img loading=\"lazy\" decoding=\"async\" class=\"aligncenter size-large wp-image-333\" title=\"P1010561\" src=\"http:\/\/www.mrc-longwy.fr\/wp-content\/uploads\/2012\/02\/P1010561-1024x768.jpg\" alt=\"2\u00e8me STREFF Jo\u00e9, 1er MAQUEL Tom, 3\u00e8me ZOMA Yves(abs.)\" width=\"540\" height=\"405\" srcset=\"http:\/\/www.mrc-longwy.fr\/wp-content\/uploads\/2012\/02\/P1010561-1024x768.jpg 1024w, http:\/\/www.mrc-longwy.fr\/wp-content\/uploads\/2012\/02\/P1010561-300x225.jpg 300w\" sizes=\"auto, (max-width: 540px) 100vw, 540px\" \/><\/a><\/p>\n<p>Dans cette cat\u00e9gorie STOCK, sur 36 pilotes class\u00e9s, c&rsquo;est le toujours aussi souriant pilote Luxembourgeois Tom MAQUEL qui s&rsquo;imposera avec son AWESOMATIC devant le le Luxembourgeois STREFF Jo\u00e9 (X-Ray et vainqueur du dernier GP3F) et le pilote Belge Yves ZOMA (AWESOMATIC).<\/p>\n<p>En MODIFIED:<\/p>\n<div id=\"attachment_334\" style=\"width: 550px\" class=\"wp-caption aligncenter\"><a href=\"http:\/\/www.mrc-longwy.fr\/wp-content\/uploads\/2012\/02\/P1010564.jpg\"><img loading=\"lazy\" decoding=\"async\" aria-describedby=\"caption-attachment-334\" class=\"size-large wp-image-334\" title=\"P1010564\" src=\"http:\/\/www.mrc-longwy.fr\/wp-content\/uploads\/2012\/02\/P1010564-1024x768.jpg\" alt=\"\" width=\"540\" height=\"405\" srcset=\"http:\/\/www.mrc-longwy.fr\/wp-content\/uploads\/2012\/02\/P1010564-1024x768.jpg 1024w, http:\/\/www.mrc-longwy.fr\/wp-content\/uploads\/2012\/02\/P1010564-300x225.jpg 300w\" sizes=\"auto, (max-width: 540px) 100vw, 540px\" \/><\/a><p id=\"caption-attachment-334\" class=\"wp-caption-text\">3\u00e8me RISCHARD Dirk(abs.) 1er JASMIN Mika, 2\u00e8me URBAIN Lucas<\/p><\/div>\n<p>Dans cette cat\u00e9gorie, c&rsquo;est l&rsquo;habituel directeur de course qui s&rsquo;imposera sur sa Yokomo Michael JASMIN (moi \ud83d\ude42 ), devant le malchanceux Lucas URBAIN et le pilote Luxembourgeois Dirk RISCHARD.<\/p>\n<p>En 1\/12:<\/p>\n<div id=\"attachment_335\" style=\"width: 550px\" class=\"wp-caption aligncenter\"><a href=\"http:\/\/www.mrc-longwy.fr\/wp-content\/uploads\/2012\/02\/P1010566.jpg\"><img loading=\"lazy\" decoding=\"async\" aria-describedby=\"caption-attachment-335\" class=\"size-large wp-image-335\" title=\"P1010566\" src=\"http:\/\/www.mrc-longwy.fr\/wp-content\/uploads\/2012\/02\/P1010566-1024x768.jpg\" alt=\"\" width=\"540\" height=\"405\" srcset=\"http:\/\/www.mrc-longwy.fr\/wp-content\/uploads\/2012\/02\/P1010566-1024x768.jpg 1024w, http:\/\/www.mrc-longwy.fr\/wp-content\/uploads\/2012\/02\/P1010566-300x225.jpg 300w\" sizes=\"auto, (max-width: 540px) 100vw, 540px\" \/><\/a><p id=\"caption-attachment-335\" class=\"wp-caption-text\">3\u00e8me DELIEGE Christophe, 1er CALLENS R\u00e9mi, 2\u00e8me RIBIERO Jean-Paul<\/p><\/div>\n<p>Dans cette cat\u00e9gorie, sur 8 pilotes, on retrouve \u00e0 l&rsquo;issue des 3 finales, le pilote du Club de Loos,R\u00e9mi CALLENS, devant le pilote parisien, Jean-Paul RIBIERO et le toujours aussi sympa pilote Franco-Belge Christophe DELIEGE.<\/p>\n<p>&nbsp;<\/p>\n<p>Pour conclure ce reportage sur cette 4\u00e9me amicale, toute l&rsquo;\u00e9quipe tient \u00e0 remercier tous les acteurs de cette course pour leur sourire et leur bonne humeur. Nous nous f\u00e9licitons de ce nouveau record de participants qui nous pousse \u00e0 croire que de plus en plus de monde appr\u00e9cie le travail que le MRC fourni pour vous proposer les meilleurs courses possibles.<\/p>\n<p>Merci \u00e0 tous les b\u00e9n\u00e9voles du club pour leur boulot encore ce week-end, particuli\u00e8rement \u00e0 Jean-lou et Guy pour le CT et \u00e0 Annie et Sophie pour la buvette.<\/p>\n<p>Tous les r\u00e9sultats sont disponibles sur <a href=\"http:\/\/www.myrcm.ch\">http\/:www.myrcm.ch <\/a>dans la rubrique \u00ab\u00a0course archiv\u00e9e\u00a0\u00bb<\/p>\n<p>Rendez-vous le 19 F\u00e9vrier pour la 5\u00e8me Amicale.<\/p>\n<p>A tr\u00e8s vite,<\/p>\n<p>Mika<\/p>\n<p>Quelques photos en vrac:<\/p>\n<p><a href=\"http:\/\/www.mrc-longwy.fr\/wp-content\/uploads\/2012\/02\/P1010537.jpg\"><img loading=\"lazy\" decoding=\"async\" class=\"aligncenter size-large wp-image-336\" title=\"P1010537\" src=\"http:\/\/www.mrc-longwy.fr\/wp-content\/uploads\/2012\/02\/P1010537-1024x768.jpg\" alt=\"\" width=\"540\" height=\"405\" srcset=\"http:\/\/www.mrc-longwy.fr\/wp-content\/uploads\/2012\/02\/P1010537-1024x768.jpg 1024w, http:\/\/www.mrc-longwy.fr\/wp-content\/uploads\/2012\/02\/P1010537-300x225.jpg 300w\" sizes=\"auto, (max-width: 540px) 100vw, 540px\" \/><\/a><a href=\"http:\/\/www.mrc-longwy.fr\/wp-content\/uploads\/2012\/02\/P1010538.jpg\"><img loading=\"lazy\" decoding=\"async\" class=\"aligncenter size-large wp-image-337\" title=\"P1010538\" src=\"http:\/\/www.mrc-longwy.fr\/wp-content\/uploads\/2012\/02\/P1010538-1024x768.jpg\" alt=\"\" width=\"540\" height=\"405\" srcset=\"http:\/\/www.mrc-longwy.fr\/wp-content\/uploads\/2012\/02\/P1010538-1024x768.jpg 1024w, http:\/\/www.mrc-longwy.fr\/wp-content\/uploads\/2012\/02\/P1010538-300x225.jpg 300w\" sizes=\"auto, (max-width: 540px) 100vw, 540px\" \/><\/a><a href=\"http:\/\/www.mrc-longwy.fr\/wp-content\/uploads\/2012\/02\/P1010539.jpg\"><img loading=\"lazy\" decoding=\"async\" class=\"aligncenter size-large wp-image-338\" title=\"P1010539\" src=\"http:\/\/www.mrc-longwy.fr\/wp-content\/uploads\/2012\/02\/P1010539-1024x768.jpg\" alt=\"\" width=\"540\" height=\"405\" srcset=\"http:\/\/www.mrc-longwy.fr\/wp-content\/uploads\/2012\/02\/P1010539-1024x768.jpg 1024w, http:\/\/www.mrc-longwy.fr\/wp-content\/uploads\/2012\/02\/P1010539-300x225.jpg 300w\" sizes=\"auto, (max-width: 540px) 100vw, 540px\" \/><\/a><a href=\"http:\/\/www.mrc-longwy.fr\/wp-content\/uploads\/2012\/02\/P1010540.jpg\"><img loading=\"lazy\" decoding=\"async\" class=\"aligncenter size-large wp-image-339\" title=\"P1010540\" src=\"http:\/\/www.mrc-longwy.fr\/wp-content\/uploads\/2012\/02\/P1010540-1024x768.jpg\" alt=\"\" width=\"540\" height=\"405\" srcset=\"http:\/\/www.mrc-longwy.fr\/wp-content\/uploads\/2012\/02\/P1010540-1024x768.jpg 1024w, http:\/\/www.mrc-longwy.fr\/wp-content\/uploads\/2012\/02\/P1010540-300x225.jpg 300w\" sizes=\"auto, (max-width: 540px) 100vw, 540px\" \/><\/a><a href=\"http:\/\/www.mrc-longwy.fr\/wp-content\/uploads\/2012\/02\/P1010541.jpg\"><img loading=\"lazy\" decoding=\"async\" class=\"aligncenter size-large wp-image-340\" title=\"P1010541\" src=\"http:\/\/www.mrc-longwy.fr\/wp-content\/uploads\/2012\/02\/P1010541-1024x768.jpg\" alt=\"\" width=\"540\" height=\"405\" srcset=\"http:\/\/www.mrc-longwy.fr\/wp-content\/uploads\/2012\/02\/P1010541-1024x768.jpg 1024w, http:\/\/www.mrc-longwy.fr\/wp-content\/uploads\/2012\/02\/P1010541-300x225.jpg 300w\" sizes=\"auto, (max-width: 540px) 100vw, 540px\" \/><\/a><a href=\"http:\/\/www.mrc-longwy.fr\/wp-content\/uploads\/2012\/02\/P1010543.jpg\"><img loading=\"lazy\" decoding=\"async\" class=\"aligncenter size-large wp-image-341\" title=\"P1010543\" src=\"http:\/\/www.mrc-longwy.fr\/wp-content\/uploads\/2012\/02\/P1010543-1024x768.jpg\" alt=\"\" width=\"540\" height=\"405\" srcset=\"http:\/\/www.mrc-longwy.fr\/wp-content\/uploads\/2012\/02\/P1010543-1024x768.jpg 1024w, http:\/\/www.mrc-longwy.fr\/wp-content\/uploads\/2012\/02\/P1010543-300x225.jpg 300w\" sizes=\"auto, (max-width: 540px) 100vw, 540px\" \/><\/a><a href=\"http:\/\/www.mrc-longwy.fr\/wp-content\/uploads\/2012\/02\/P1010549.jpg\"><img loading=\"lazy\" decoding=\"async\" class=\"aligncenter size-large wp-image-342\" title=\"P1010549\" src=\"http:\/\/www.mrc-longwy.fr\/wp-content\/uploads\/2012\/02\/P1010549-1024x768.jpg\" alt=\"\" width=\"540\" height=\"405\" srcset=\"http:\/\/www.mrc-longwy.fr\/wp-content\/uploads\/2012\/02\/P1010549-1024x768.jpg 1024w, http:\/\/www.mrc-longwy.fr\/wp-content\/uploads\/2012\/02\/P1010549-300x225.jpg 300w\" sizes=\"auto, (max-width: 540px) 100vw, 540px\" \/><\/a><\/p>\n<p>&nbsp;<\/p>\n","protected":false},"excerpt":{"rendered":"<p>Le week-end du 29 Janvier s&rsquo;est d\u00e9roul\u00e9 la 4\u00e8me Amicale du MRC LONGWY dans la salle G\u00e9rard de Kanel de Longwy. Et encore une fois une tr\u00e8s belle course avec un record de participation avec pas moins de 76 pilotes [&hellip;] <a class=\"more-link\" href=\"http:\/\/www.mrc-longwy.fr\/?p=330\">&darr; Read the rest of this entry&#8230;<\/a><\/p>\n","protected":false},"author":4,"featured_media":0,"comment_status":"open","ping_status":"open","sticky":false,"template":"","format":"standard","meta":{"footnotes":""},"categories":[1],"tags":[],"class_list":["post-330","post","type-post","status-publish","format-standard","hentry","category-non-classe","uentry","postonpage-1","odd","post-author-mika"],"_links":{"self":[{"href":"http:\/\/www.mrc-longwy.fr\/index.php?rest_route=\/wp\/v2\/posts\/330","targetHints":{"allow":["GET"]}}],"collection":[{"href":"http:\/\/www.mrc-longwy.fr\/index.php?rest_route=\/wp\/v2\/posts"}],"about":[{"href":"http:\/\/www.mrc-longwy.fr\/index.php?rest_route=\/wp\/v2\/types\/post"}],"author":[{"embeddable":true,"href":"http:\/\/www.mrc-longwy.fr\/index.php?rest_route=\/wp\/v2\/users\/4"}],"replies":[{"embeddable":true,"href":"http:\/\/www.mrc-longwy.fr\/index.php?rest_route=%2Fwp%2Fv2%2Fcomments&post=330"}],"version-history":[{"count":2,"href":"http:\/\/www.mrc-longwy.fr\/index.php?rest_route=\/wp\/v2\/posts\/330\/revisions"}],"predecessor-version":[{"id":345,"href":"http:\/\/www.mrc-longwy.fr\/index.php?rest_route=\/wp\/v2\/posts\/330\/revisions\/345"}],"wp:attachment":[{"href":"http:\/\/www.mrc-longwy.fr\/index.php?rest_route=%2Fwp%2Fv2%2Fmedia&parent=330"}],"wp:term":[{"taxonomy":"category","embeddable":true,"href":"http:\/\/www.mrc-longwy.fr\/index.php?rest_route=%2Fwp%2Fv2%2Fcategories&post=330"},{"taxonomy":"post_tag","embeddable":true,"href":"http:\/\/www.mrc-longwy.fr\/index.php?rest_route=%2Fwp%2Fv2%2Ftags&post=330"}],"curies":[{"name":"wp","href":"https:\/\/api.w.org\/{rel}","templated":true}]}}